{"id":8293,"date":"2015-10-20T18:13:11","date_gmt":"2015-10-20T18:13:11","guid":{"rendered":""},"modified":"2015-10-20T18:13:11","modified_gmt":"2015-10-20T18:13:11","slug":"75-de-poblacion-mundial-no-tiene-acceso-a-drogas-contra-el-dolor","status":"publish","type":"post","link":"https:\/\/sertv.gob.pa\/nacionalfm\/75-de-poblacion-mundial-no-tiene-acceso-a-drogas-contra-el-dolor\/","title":{"rendered":"75 % de poblaci\u00f3n mundial no tiene acceso a drogas contra el dolor"},"content":{"rendered":"<p>\nM\u00e1s del 75% de la poblaci\u00f3n mundial tiene escaso o nulo acceso a analg\u00e9sicos opioides para tratar el dolor, incluidas parturientas y enfermos de c\u00e1ncer, denunci\u00f3 \u00a0en Malasia la Comisi\u00f3n Global de Pol\u00edtica de Drogas. <\/p>\n<p>&lsquo;Unos 5.500 millones de personas tienen poco o nulo acceso a analg\u00e9sicos opioides, en particular a la morfina, resultando en el dolor y sufrimiento evitable de personas alrededor del mundo&#8217;, se\u00f1al\u00f3 el citado comit\u00e9. <\/p>\n<p>La afirmaci\u00f3n est\u00e1 recogida en el informe &lsquo;El impacto negativo del control de drogas en la salud p\u00fablica: la crisis global del dolor evitable&#8217;, presentado por la Comisi\u00f3n Global de Pol\u00edtica de Drogas en Kuala Lumpur en el marco de una conferencia internacional. <\/p>\n<p>&lsquo;Los pacientes de c\u00e1ncer terminal, de VIH en etapa terminal y mujeres de parto que sufren de dolor extremo est\u00e1n entre los grupos m\u00e1s impactados&#8217;, se advierte en el documento. Uno de los principales responsables de esta situaci\u00f3n es la pol\u00edtica dominante de &lsquo;prevenir la desviaci\u00f3n de sustancias controladas con fines il\u00edcitos por encima de garantizar el acceso con fines m\u00e9dicos y cient\u00edficos&#8217;. <\/p>\n","protected":false},"excerpt":{"rendered":"<p>M\u00e1s del 75% de la poblaci\u00f3n mundial tiene escaso o <a href=\"https:\/\/sertv.gob.pa\/nacionalfm\/75-de-poblacion-mundial-no-tiene-acceso-a-drogas-contra-el-dolor\/\"> [&#8230;]<\/a><\/p>\n","protected":false},"author":1,"featured_media":8294,"comment_status":"closed","ping_status":"closed","sticky":false,"template":"","format":"standard","meta":{"footnotes":""},"categories":[5],"tags":[],"class_list":["post-8293","post","type-post","status-publish","format-standard","has-post-thumbnail","hentry","category-salud"],"_links":{"self":[{"href":"https:\/\/sertv.gob.pa\/nacionalfm\/wp-json\/wp\/v2\/posts\/8293","targetHints":{"allow":["GET"]}}],"collection":[{"href":"https:\/\/sertv.gob.pa\/nacionalfm\/wp-json\/wp\/v2\/posts"}],"about":[{"href":"https:\/\/sertv.gob.pa\/nacionalfm\/wp-json\/wp\/v2\/types\/post"}],"author":[{"embeddable":true,"href":"https:\/\/sertv.gob.pa\/nacionalfm\/wp-json\/wp\/v2\/users\/1"}],"replies":[{"embeddable":true,"href":"https:\/\/sertv.gob.pa\/nacionalfm\/wp-json\/wp\/v2\/comments?post=8293"}],"version-history":[{"count":0,"href":"https:\/\/sertv.gob.pa\/nacionalfm\/wp-json\/wp\/v2\/posts\/8293\/revisions"}],"wp:featuredmedia":[{"embeddable":true,"href":"https:\/\/sertv.gob.pa\/nacionalfm\/wp-json\/wp\/v2\/media\/8294"}],"wp:attachment":[{"href":"https:\/\/sertv.gob.pa\/nacionalfm\/wp-json\/wp\/v2\/media?parent=8293"}],"wp:term":[{"taxonomy":"category","embeddable":true,"href":"https:\/\/sertv.gob.pa\/nacionalfm\/wp-json\/wp\/v2\/categories?post=8293"},{"taxonomy":"post_tag","embeddable":true,"href":"https:\/\/sertv.gob.pa\/nacionalfm\/wp-json\/wp\/v2\/tags?post=8293"}],"curies":[{"name":"wp","href":"https:\/\/api.w.org\/{rel}","templated":true}]}}