{"id":82977,"date":"2022-06-03T18:40:19","date_gmt":"2022-06-03T18:40:19","guid":{"rendered":"https:\/\/sertv.gob.pa\/nacionalfm\/?p=82977"},"modified":"2022-06-03T18:41:23","modified_gmt":"2022-06-03T18:41:23","slug":"al-menos-tres-personas-mueren-y-decenas-resultan-heridas-al-descarrilar-un-tren-en-alemania","status":"publish","type":"post","link":"https:\/\/sertv.gob.pa\/nacionalfm\/al-menos-tres-personas-mueren-y-decenas-resultan-heridas-al-descarrilar-un-tren-en-alemania\/","title":{"rendered":"Al menos tres personas mueren y decenas resultan heridas al descarrilar un tren en Alemania"},"content":{"rendered":"<p><strong><em>MADRID, (EUROPA PRESS) &#8211;<\/em><\/strong><\/p>\n<p>Al menos tres personas han fallecido y sesenta han resultado heridas al descarrilar un tren de pasajeros en el sur de Alemania este viernes.<\/p>\n<p>La polic\u00eda alemana ha informado de que han contabilizado al menos 60 heridos, de los cuales 16 se encuentran graves. Las v\u00edctimas son \u00abde todas las edades\u00bb, debido a que este viernes comenzaban las vacaciones en las escuelas.<\/p>\n<p>El tren viajaba hacia M\u00fanich cuando se sali\u00f3 de las v\u00edas por razones que se desconocen, seg\u00fan ha informado Stefan Sonntag, portavoz de la polic\u00eda, en declaraciones a la agencia de noticias alemana DPA.<\/p>\n<p>Seg\u00fan informa el peri\u00f3dico alem\u00e1n &#8216;Bild&#8217;, se encuentran en el lugar de los hechos servicios policiales y de bomberos. En la operaci\u00f3n est\u00e1n participando tres helic\u00f3pteros de rescate procedentes de Austria.<\/p>\n<p>El servicio local de la compa\u00f1\u00eda de trenes alemana, DB Regio Bavaria, ha informado a trav\u00e9s de su cuenta de Twitter de que la v\u00eda estar\u00e1 cortada y que se est\u00e1 planificando un transporte alternativo.<\/p>\n<p>&nbsp;<\/p>\n<p>Fuente: EUROPA PRESS<\/p>\n","protected":false},"excerpt":{"rendered":"<p>MADRID, (EUROPA PRESS) &#8211; Al menos tres personas han fallecido <a href=\"https:\/\/sertv.gob.pa\/nacionalfm\/al-menos-tres-personas-mueren-y-decenas-resultan-heridas-al-descarrilar-un-tren-en-alemania\/\"> [&#8230;]<\/a><\/p>\n","protected":false},"author":9,"featured_media":82978,"comment_status":"closed","ping_status":"closed","sticky":false,"template":"","format":"standard","meta":{"footnotes":""},"categories":[3],"tags":[],"class_list":["post-82977","post","type-post","status-publish","format-standard","has-post-thumbnail","hentry","category-internacionales"],"_links":{"self":[{"href":"https:\/\/sertv.gob.pa\/nacionalfm\/wp-json\/wp\/v2\/posts\/82977","targetHints":{"allow":["GET"]}}],"collection":[{"href":"https:\/\/sertv.gob.pa\/nacionalfm\/wp-json\/wp\/v2\/posts"}],"about":[{"href":"https:\/\/sertv.gob.pa\/nacionalfm\/wp-json\/wp\/v2\/types\/post"}],"author":[{"embeddable":true,"href":"https:\/\/sertv.gob.pa\/nacionalfm\/wp-json\/wp\/v2\/users\/9"}],"replies":[{"embeddable":true,"href":"https:\/\/sertv.gob.pa\/nacionalfm\/wp-json\/wp\/v2\/comments?post=82977"}],"version-history":[{"count":1,"href":"https:\/\/sertv.gob.pa\/nacionalfm\/wp-json\/wp\/v2\/posts\/82977\/revisions"}],"predecessor-version":[{"id":82979,"href":"https:\/\/sertv.gob.pa\/nacionalfm\/wp-json\/wp\/v2\/posts\/82977\/revisions\/82979"}],"wp:featuredmedia":[{"embeddable":true,"href":"https:\/\/sertv.gob.pa\/nacionalfm\/wp-json\/wp\/v2\/media\/82978"}],"wp:attachment":[{"href":"https:\/\/sertv.gob.pa\/nacionalfm\/wp-json\/wp\/v2\/media?parent=82977"}],"wp:term":[{"taxonomy":"category","embeddable":true,"href":"https:\/\/sertv.gob.pa\/nacionalfm\/wp-json\/wp\/v2\/categories?post=82977"},{"taxonomy":"post_tag","embeddable":true,"href":"https:\/\/sertv.gob.pa\/nacionalfm\/wp-json\/wp\/v2\/tags?post=82977"}],"curies":[{"name":"wp","href":"https:\/\/api.w.org\/{rel}","templated":true}]}}