{"id":82981,"date":"2022-06-03T18:52:10","date_gmt":"2022-06-03T18:52:10","guid":{"rendered":"https:\/\/sertv.gob.pa\/nacionalfm\/?p=82981"},"modified":"2022-06-03T18:52:10","modified_gmt":"2022-06-03T18:52:10","slug":"el-buque-de-rescate-sea-watch-3-salva-a-cerca-de-150-migrantes-en-aguas-del-mediterraneo","status":"publish","type":"post","link":"https:\/\/sertv.gob.pa\/nacionalfm\/el-buque-de-rescate-sea-watch-3-salva-a-cerca-de-150-migrantes-en-aguas-del-mediterraneo\/","title":{"rendered":"El buque de rescate &#8216;Sea-Watch 3&#8217; salva a cerca de 150 migrantes en aguas del Mediterr\u00e1neo"},"content":{"rendered":"<p><strong><em>MADRID, (EUROPA PRESS) &#8211;<\/em><\/strong><\/p>\n<p>&nbsp;<\/p>\n<p>El barco de rescate humanitario &#8216;Sea Watch 3&#8217; ha informado este viernes de que ha rescatado a casi 150 migrantes en el Mediterr\u00e1neo en la \u00faltima jornada.<\/p>\n<p>La organizaci\u00f3n alemana hom\u00f3nima ha indicado en un mensaje difundido a trav\u00e9s de Twitter que 99 de los migrantes rescatados viajaban a bordo de un bote inflable, mientras que otros 49 se desplazaban en una embarcaci\u00f3n de madera.<\/p>\n<p>\u00abTodos ellos est\u00e1n a salvo. Nuestra tripulaci\u00f3n se encarga actualmente de 222 personas rescatadas en cuatro misiones llevadas a cabo en 24 horas\u00bb, ha indicado la ONG, que suele rescatar a personas que se encuentran a la deriva en un intento por cruzar el Mediterr\u00e1neo desde el norte de \u00c1frica para alcanzar Europa.<\/p>\n<p>Seg\u00fan datos de Naciones Unidas, cerca de 680 migrantes han muerto o desaparecido en el Mediterr\u00e1neo central en lo que va de a\u00f1o.<\/p>\n<p>&nbsp;<\/p>\n<p>Fuente: EUROPA PRESS<\/p>\n","protected":false},"excerpt":{"rendered":"<p>MADRID, (EUROPA PRESS) &#8211; &nbsp; El barco de rescate humanitario <a href=\"https:\/\/sertv.gob.pa\/nacionalfm\/el-buque-de-rescate-sea-watch-3-salva-a-cerca-de-150-migrantes-en-aguas-del-mediterraneo\/\"> [&#8230;]<\/a><\/p>\n","protected":false},"author":9,"featured_media":82982,"comment_status":"closed","ping_status":"closed","sticky":false,"template":"","format":"standard","meta":{"footnotes":""},"categories":[3],"tags":[],"class_list":["post-82981","post","type-post","status-publish","format-standard","has-post-thumbnail","hentry","category-internacionales"],"_links":{"self":[{"href":"https:\/\/sertv.gob.pa\/nacionalfm\/wp-json\/wp\/v2\/posts\/82981","targetHints":{"allow":["GET"]}}],"collection":[{"href":"https:\/\/sertv.gob.pa\/nacionalfm\/wp-json\/wp\/v2\/posts"}],"about":[{"href":"https:\/\/sertv.gob.pa\/nacionalfm\/wp-json\/wp\/v2\/types\/post"}],"author":[{"embeddable":true,"href":"https:\/\/sertv.gob.pa\/nacionalfm\/wp-json\/wp\/v2\/users\/9"}],"replies":[{"embeddable":true,"href":"https:\/\/sertv.gob.pa\/nacionalfm\/wp-json\/wp\/v2\/comments?post=82981"}],"version-history":[{"count":1,"href":"https:\/\/sertv.gob.pa\/nacionalfm\/wp-json\/wp\/v2\/posts\/82981\/revisions"}],"predecessor-version":[{"id":82983,"href":"https:\/\/sertv.gob.pa\/nacionalfm\/wp-json\/wp\/v2\/posts\/82981\/revisions\/82983"}],"wp:featuredmedia":[{"embeddable":true,"href":"https:\/\/sertv.gob.pa\/nacionalfm\/wp-json\/wp\/v2\/media\/82982"}],"wp:attachment":[{"href":"https:\/\/sertv.gob.pa\/nacionalfm\/wp-json\/wp\/v2\/media?parent=82981"}],"wp:term":[{"taxonomy":"category","embeddable":true,"href":"https:\/\/sertv.gob.pa\/nacionalfm\/wp-json\/wp\/v2\/categories?post=82981"},{"taxonomy":"post_tag","embeddable":true,"href":"https:\/\/sertv.gob.pa\/nacionalfm\/wp-json\/wp\/v2\/tags?post=82981"}],"curies":[{"name":"wp","href":"https:\/\/api.w.org\/{rel}","templated":true}]}}