{"id":83036,"date":"2022-06-06T18:08:12","date_gmt":"2022-06-06T18:08:12","guid":{"rendered":"https:\/\/sertv.gob.pa\/nacionalfm\/?p=83036"},"modified":"2022-06-06T18:08:12","modified_gmt":"2022-06-06T18:08:12","slug":"una-caravana-de-unos-5-000-migrantes-comienza-la-marcha-desde-chiapas-en-direccion-a-ciudad-de-mexico","status":"publish","type":"post","link":"https:\/\/sertv.gob.pa\/nacionalfm\/una-caravana-de-unos-5-000-migrantes-comienza-la-marcha-desde-chiapas-en-direccion-a-ciudad-de-mexico\/","title":{"rendered":"Una caravana de unos 5.000 migrantes comienza la marcha desde Chiapas en direcci\u00f3n a Ciudad de M\u00e9xico"},"content":{"rendered":"<p><strong><em>MADRID, (EUROPA PRESS) &#8211;<\/em><\/strong><\/p>\n<p>&nbsp;<\/p>\n<p>Una caravana de unas 5.000 personas ha partido en las \u00faltimas horas de Tapachula, en el estado mexicano de Chiapas, fronterizo con Guatemala, en direcci\u00f3n a Ciudad de M\u00e9xico en la que es ya la octava caravana del a\u00f1o.<\/p>\n<p>Extranjeros de Venezuela, Colombia, Cuba, Hait\u00ed, centroamericanos y algunos de \u00c1frica comenzaron la marcha pese a la constante lluvia y han logrado avanzar al menos once kil\u00f3metros y ha cruzado sin incidentes el primer puesto de control, seg\u00fan recoge el diario mexicano &#8216;Milenio&#8217;.<\/p>\n<p>Los migrantes marchan en direcci\u00f3n a Tuxtla Guti\u00e9rrez para luego dirigirse a Ciudad de M\u00e9xico y finalmente alcanzar Tamaulipas, en el norte del pa\u00eds, un estado con frontera con Estados Unidos.<\/p>\n<p>Los migrantes exigen as\u00ed libre tr\u00e1nsito por M\u00e9xico en una marcha iniciada ante unos 100 efectivos de la Guardia Nacional y una docena de agentes del Instituto Nacional de Migraci\u00f3n que dieron v\u00eda libre.<\/p>\n<p>El activista Luis Garc\u00eda Villagr\u00e1n fue el encargado de dar la se\u00f1al de salida a los participantes, entre los que se encuentran ni\u00f1os.<\/p>\n<p>&nbsp;<\/p>\n<p>Fuente: EUROPA PRESS<\/p>\n<p>&nbsp;<\/p>\n","protected":false},"excerpt":{"rendered":"<p>MADRID, (EUROPA PRESS) &#8211; &nbsp; Una caravana de unas 5.000 <a href=\"https:\/\/sertv.gob.pa\/nacionalfm\/una-caravana-de-unos-5-000-migrantes-comienza-la-marcha-desde-chiapas-en-direccion-a-ciudad-de-mexico\/\"> [&#8230;]<\/a><\/p>\n","protected":false},"author":9,"featured_media":83037,"comment_status":"closed","ping_status":"closed","sticky":false,"template":"","format":"standard","meta":{"footnotes":""},"categories":[3],"tags":[],"class_list":["post-83036","post","type-post","status-publish","format-standard","has-post-thumbnail","hentry","category-internacionales"],"_links":{"self":[{"href":"https:\/\/sertv.gob.pa\/nacionalfm\/wp-json\/wp\/v2\/posts\/83036","targetHints":{"allow":["GET"]}}],"collection":[{"href":"https:\/\/sertv.gob.pa\/nacionalfm\/wp-json\/wp\/v2\/posts"}],"about":[{"href":"https:\/\/sertv.gob.pa\/nacionalfm\/wp-json\/wp\/v2\/types\/post"}],"author":[{"embeddable":true,"href":"https:\/\/sertv.gob.pa\/nacionalfm\/wp-json\/wp\/v2\/users\/9"}],"replies":[{"embeddable":true,"href":"https:\/\/sertv.gob.pa\/nacionalfm\/wp-json\/wp\/v2\/comments?post=83036"}],"version-history":[{"count":1,"href":"https:\/\/sertv.gob.pa\/nacionalfm\/wp-json\/wp\/v2\/posts\/83036\/revisions"}],"predecessor-version":[{"id":83038,"href":"https:\/\/sertv.gob.pa\/nacionalfm\/wp-json\/wp\/v2\/posts\/83036\/revisions\/83038"}],"wp:featuredmedia":[{"embeddable":true,"href":"https:\/\/sertv.gob.pa\/nacionalfm\/wp-json\/wp\/v2\/media\/83037"}],"wp:attachment":[{"href":"https:\/\/sertv.gob.pa\/nacionalfm\/wp-json\/wp\/v2\/media?parent=83036"}],"wp:term":[{"taxonomy":"category","embeddable":true,"href":"https:\/\/sertv.gob.pa\/nacionalfm\/wp-json\/wp\/v2\/categories?post=83036"},{"taxonomy":"post_tag","embeddable":true,"href":"https:\/\/sertv.gob.pa\/nacionalfm\/wp-json\/wp\/v2\/tags?post=83036"}],"curies":[{"name":"wp","href":"https:\/\/api.w.org\/{rel}","templated":true}]}}