{"id":83107,"date":"2022-06-07T18:14:55","date_gmt":"2022-06-07T18:14:55","guid":{"rendered":"https:\/\/sertv.gob.pa\/nacionalfm\/?p=83107"},"modified":"2022-06-07T18:14:55","modified_gmt":"2022-06-07T18:14:55","slug":"el-presidente-dominicano-decreta-tres-dias-de-luto-por-el-asesinato-del-ministro-de-medio-ambiente","status":"publish","type":"post","link":"https:\/\/sertv.gob.pa\/nacionalfm\/el-presidente-dominicano-decreta-tres-dias-de-luto-por-el-asesinato-del-ministro-de-medio-ambiente\/","title":{"rendered":"El presidente dominicano decreta tres d\u00edas de luto por el asesinato del ministro de Medio Ambiente"},"content":{"rendered":"<p><strong><em>MADRID, (EUROPA PRESS) &#8211;<\/em><\/strong><\/p>\n<p>&nbsp;<\/p>\n<p>El presidente de Rep\u00fablica Dominicana, Luis Abinader, ha decretado tres d\u00edas de luto por el asesinato del ministro de Medio Ambiente, Orlando Jorge Mera, tiroteado en su propio despacho por un amigo de la infancia que despu\u00e9s se entreg\u00f3 a las autoridades.<\/p>\n<p>El mandatario dominicano ha declarado duelo oficial entre este martes y el jueves, periodo en el que las banderas ondear\u00e1n a media asta en todos los edificios p\u00fablicos. Adem\u00e1s, ha instruido al Ministerio de Defensa para que rinda honores militares al difunto.<\/p>\n<p>Jorge Mera muri\u00f3 tras recibir varios impactos de bala por parte de Miguel Cruz, un comerciante y amigo de la infancia del ministro. El sospechoso lleg\u00f3 al despacho visiblemente nervioso y fue el propio ministro quien calm\u00f3 las suspicacias iniciales de su personal: \u00abNo se preocupen que Miguel es mi amigo\u00bb, dijo entonces, seg\u00fan el peri\u00f3dico &#8216;List\u00edn Diario&#8217;.<\/p>\n<p>Tras el tiroteo, el presunto autor, Miguel Cruz, de 56 a\u00f1os, huy\u00f3 corriendo del edificio y lleg\u00f3 hasta una iglesia situada a algo menos de tres kil\u00f3metros. Con el arma a\u00fan en su poder, se present\u00f3 ante el cura y confes\u00f3 que hab\u00eda cometido un asesinato, sin identificar a la v\u00edctima.<\/p>\n<p>La Fiscal\u00eda finalmente negoci\u00f3 con Cruz, que \u00abdijo que se entregar\u00eda si el Ministerio P\u00fablico le garantizaba la vida\u00bb, seg\u00fan un comunicado de la instituci\u00f3n.<\/p>\n<p>&nbsp;<\/p>\n<p>Fuente: EUROPA PRESS<\/p>\n<p>&nbsp;<\/p>\n<p>&nbsp;<\/p>\n","protected":false},"excerpt":{"rendered":"<p>MADRID, (EUROPA PRESS) &#8211; &nbsp; El presidente de Rep\u00fablica Dominicana, <a href=\"https:\/\/sertv.gob.pa\/nacionalfm\/el-presidente-dominicano-decreta-tres-dias-de-luto-por-el-asesinato-del-ministro-de-medio-ambiente\/\"> [&#8230;]<\/a><\/p>\n","protected":false},"author":9,"featured_media":83108,"comment_status":"closed","ping_status":"closed","sticky":false,"template":"","format":"standard","meta":{"footnotes":""},"categories":[3],"tags":[],"class_list":["post-83107","post","type-post","status-publish","format-standard","has-post-thumbnail","hentry","category-internacionales"],"_links":{"self":[{"href":"https:\/\/sertv.gob.pa\/nacionalfm\/wp-json\/wp\/v2\/posts\/83107","targetHints":{"allow":["GET"]}}],"collection":[{"href":"https:\/\/sertv.gob.pa\/nacionalfm\/wp-json\/wp\/v2\/posts"}],"about":[{"href":"https:\/\/sertv.gob.pa\/nacionalfm\/wp-json\/wp\/v2\/types\/post"}],"author":[{"embeddable":true,"href":"https:\/\/sertv.gob.pa\/nacionalfm\/wp-json\/wp\/v2\/users\/9"}],"replies":[{"embeddable":true,"href":"https:\/\/sertv.gob.pa\/nacionalfm\/wp-json\/wp\/v2\/comments?post=83107"}],"version-history":[{"count":1,"href":"https:\/\/sertv.gob.pa\/nacionalfm\/wp-json\/wp\/v2\/posts\/83107\/revisions"}],"predecessor-version":[{"id":83109,"href":"https:\/\/sertv.gob.pa\/nacionalfm\/wp-json\/wp\/v2\/posts\/83107\/revisions\/83109"}],"wp:featuredmedia":[{"embeddable":true,"href":"https:\/\/sertv.gob.pa\/nacionalfm\/wp-json\/wp\/v2\/media\/83108"}],"wp:attachment":[{"href":"https:\/\/sertv.gob.pa\/nacionalfm\/wp-json\/wp\/v2\/media?parent=83107"}],"wp:term":[{"taxonomy":"category","embeddable":true,"href":"https:\/\/sertv.gob.pa\/nacionalfm\/wp-json\/wp\/v2\/categories?post=83107"},{"taxonomy":"post_tag","embeddable":true,"href":"https:\/\/sertv.gob.pa\/nacionalfm\/wp-json\/wp\/v2\/tags?post=83107"}],"curies":[{"name":"wp","href":"https:\/\/api.w.org\/{rel}","templated":true}]}}