{"id":83172,"date":"2022-06-08T19:33:49","date_gmt":"2022-06-08T19:33:49","guid":{"rendered":"https:\/\/sertv.gob.pa\/nacionalfm\/?p=83172"},"modified":"2022-06-08T19:33:49","modified_gmt":"2022-06-08T19:33:49","slug":"la-oms-confirma-mas-de-1-000-casos-de-viruela-del-mono-y-avisa-de-que-ya-hay-transmision-comunitaria","status":"publish","type":"post","link":"https:\/\/sertv.gob.pa\/nacionalfm\/la-oms-confirma-mas-de-1-000-casos-de-viruela-del-mono-y-avisa-de-que-ya-hay-transmision-comunitaria\/","title":{"rendered":"La OMS confirma m\u00e1s de 1.000 casos de viruela del mono y avisa de que ya hay transmisi\u00f3n comunitaria"},"content":{"rendered":"<p><strong><em>MADRID, (EUROPA PRESS) &#8211;<\/em><\/strong><\/p>\n<p>&nbsp;<\/p>\n<p>El director general de la Organizaci\u00f3n Mundial de la Salud (OMS), Tedros Adhanom Ghebreyesus, ha informado este mi\u00e9rcoles en rueda de prensa de que ya se han confirmado m\u00e1s de 1.000 casos de viruela del mono en 29 pa\u00edses no end\u00e9micos y ha avisado de que en algunas zonas ya hay transmisi\u00f3n comunitaria.<\/p>\n<p>\u00abNo se ha informado de ninguna muerte en esos pa\u00edses pero s\u00ed de muchos casos, de los cuales no s\u00f3lo se producen entre hombres que mantienen sexo con hombres, sino que ya hay casos de transmisi\u00f3n comunitaria y de mujeres infectadas\u00bb, ha se\u00f1alado Tedros, quien ha mostrado su \u00abpreocupaci\u00f3n\u00bb porque el virus se propague a grupos vulnerables como, por ejemplo, ni\u00f1os o embarazadas.<\/p>\n<p>Por ello, el director general del organismo de Naciones Unidas ha pedido a los pa\u00edses que realicen todos los esfuerzos necesarios para identificar todos los casos y contactos de los mismos con el fin de controlar el brote e impedir una mayor difusi\u00f3n del virus.<\/p>\n<p>Dicho esto, Tedros ha recordado que durante todo este a\u00f1o se han registrado 1.400 casos sospechosos de viruela del mono en \u00c1frica y 66 muertes y ha lamentado que la comunidad internacional haya prestado atenci\u00f3n al virus cuando ha afectado a pa\u00edses de altos ingresos.<\/p>\n<p>\u00abEste virus ha estado circulando y matando a personas en \u00c1frica desde hace d\u00e9cadas sin que la comunidad internacional le haya prestado atenci\u00f3n, por lo que es necesario prestar en estas zonas la atenci\u00f3n sanitaria y acceso a las herramientas para poder protegerse\u00bb, ha a\u00f1adido el director general de la OMS, para insistir en que el organismo no es partidario de realizar una vacunaci\u00f3n masiva, aunque s\u00ed de facilitar el acceso a las vacunas para quienes lo necesitan.<\/p>\n<p>&nbsp;<\/p>\n<p>Fuente: EUROPA PRESS<\/p>\n","protected":false},"excerpt":{"rendered":"<p>MADRID, (EUROPA PRESS) &#8211; &nbsp; El director general de la <a href=\"https:\/\/sertv.gob.pa\/nacionalfm\/la-oms-confirma-mas-de-1-000-casos-de-viruela-del-mono-y-avisa-de-que-ya-hay-transmision-comunitaria\/\"> [&#8230;]<\/a><\/p>\n","protected":false},"author":9,"featured_media":83173,"comment_status":"closed","ping_status":"closed","sticky":false,"template":"","format":"standard","meta":{"footnotes":""},"categories":[3],"tags":[],"class_list":["post-83172","post","type-post","status-publish","format-standard","has-post-thumbnail","hentry","category-internacionales"],"_links":{"self":[{"href":"https:\/\/sertv.gob.pa\/nacionalfm\/wp-json\/wp\/v2\/posts\/83172","targetHints":{"allow":["GET"]}}],"collection":[{"href":"https:\/\/sertv.gob.pa\/nacionalfm\/wp-json\/wp\/v2\/posts"}],"about":[{"href":"https:\/\/sertv.gob.pa\/nacionalfm\/wp-json\/wp\/v2\/types\/post"}],"author":[{"embeddable":true,"href":"https:\/\/sertv.gob.pa\/nacionalfm\/wp-json\/wp\/v2\/users\/9"}],"replies":[{"embeddable":true,"href":"https:\/\/sertv.gob.pa\/nacionalfm\/wp-json\/wp\/v2\/comments?post=83172"}],"version-history":[{"count":1,"href":"https:\/\/sertv.gob.pa\/nacionalfm\/wp-json\/wp\/v2\/posts\/83172\/revisions"}],"predecessor-version":[{"id":83174,"href":"https:\/\/sertv.gob.pa\/nacionalfm\/wp-json\/wp\/v2\/posts\/83172\/revisions\/83174"}],"wp:featuredmedia":[{"embeddable":true,"href":"https:\/\/sertv.gob.pa\/nacionalfm\/wp-json\/wp\/v2\/media\/83173"}],"wp:attachment":[{"href":"https:\/\/sertv.gob.pa\/nacionalfm\/wp-json\/wp\/v2\/media?parent=83172"}],"wp:term":[{"taxonomy":"category","embeddable":true,"href":"https:\/\/sertv.gob.pa\/nacionalfm\/wp-json\/wp\/v2\/categories?post=83172"},{"taxonomy":"post_tag","embeddable":true,"href":"https:\/\/sertv.gob.pa\/nacionalfm\/wp-json\/wp\/v2\/tags?post=83172"}],"curies":[{"name":"wp","href":"https:\/\/api.w.org\/{rel}","templated":true}]}}