{"id":83175,"date":"2022-06-08T20:04:52","date_gmt":"2022-06-08T20:04:52","guid":{"rendered":"https:\/\/sertv.gob.pa\/nacionalfm\/?p=83175"},"modified":"2022-06-08T20:04:52","modified_gmt":"2022-06-08T20:04:52","slug":"estudiantes-y-familiares-de-las-victimas-del-tiroteo-de-uvalde-narran-sus-experiencias-ante-el-congreso","status":"publish","type":"post","link":"https:\/\/sertv.gob.pa\/nacionalfm\/estudiantes-y-familiares-de-las-victimas-del-tiroteo-de-uvalde-narran-sus-experiencias-ante-el-congreso\/","title":{"rendered":"Estudiantes y familiares de las v\u00edctimas del tiroteo de Uvalde narran sus experiencias ante el Congreso"},"content":{"rendered":"<p><strong><em>MADRID, (EUROPA PRESS) &#8211;<\/em><\/strong><\/p>\n<p>&nbsp;<\/p>\n<p>Una estudiante que sobrevivi\u00f3 al tiroteo en la escuela primaria Robb en Uvalde, en el estado de Texas, en el que murieron al menos 19 alumnos y dos maestras, ha comparecido este mi\u00e9rcoles, junto con familiares y testigos de la masacre, ante el Congreso estadounidense para contar su historia.<\/p>\n<p>Miah Cerrillo, una estudiante de cuarto grado de once a\u00f1os, ha testificado en un v\u00eddeo pregrabado, y ha contado c\u00f3mo el pistolero, Salvador Ramos, entr\u00f3 en la clase, dijo \u00abbuenas noches\u00bb y dispar\u00f3 a su profesora en la cabeza, as\u00ed como a algunos de sus compa\u00f1eros, incluida su amiga, que se encontraba a su lado.<\/p>\n<p>La menor ha descrito que, en el momento previo al tiroteo, se encontraban viendo una pel\u00edcula, y que la profesora, al darse cuenta de lo que estaba ocurriendo, avis\u00f3 a los estudiantes y les dijo que se refugiaran detr\u00e1s de los escritorios y las mochilas, tal y como ha recogido la cadena estadounidense NBC News.<\/p>\n<p>Cerrillo, que permaneci\u00f3 callada y escondida, recuper\u00f3 el tel\u00e9fono de su maestra, que ya hab\u00eda fallecido, e intent\u00f3 llamar al n\u00famero de emergencia 911. Pudo sobrevivir al tiroteo porque se cubri\u00f3 con la sangre de su amiga y fingi\u00f3 estar muerta.<\/p>\n<p>Otros testimonios, igual de duros, recogen los momentos previos y posteriores a la masacre de Uvalde. Un pediatra de Texas, Roy Guerrero, ha explicado ante el Congreso lo que ha definido como una \u00abcarnicer\u00eda\u00bb en su ciudad natal.<\/p>\n<p>\u00abHab\u00eda escuchado de algunas de las enfermeras que hab\u00eda dos ni\u00f1os muertos que hab\u00edan sido trasladados al \u00e1rea quir\u00fargica del hospital\u00bb, ha se\u00f1alado, agregando que los cuerpos de esos dos ni\u00f1os hab\u00edan quedado tan \u00abpulverizados\u00bb por las balas que la \u00fanica pista para conocer sus identidades eran sus camisetas, que ten\u00edan estampados dibujos animados.<\/p>\n<p>Por su parte, Zeneta Everhart, la madre de un superviviente del tiroteo en Buffalo, Zaire Goodman, ha pedido a los senadores estadounidenses que \u00abact\u00faen sobre la violencia armada\u00bb. \u00abLos legisladores que continuamente permiten que contin\u00faen estos tiroteos masivos al no aprobar leyes de armas m\u00e1s estrictas deben ser expulsados\u00bb, ha sentenciado.<\/p>\n<p>\u00abSi despu\u00e9s de escuchar de m\u00ed y de las otras personas que testifican aqu\u00ed hoy no te mueve a actuar sobre las leyes de armas, te invito a mi casa para que me ayudes a limpiar las heridas de Zaire para que puedas ver de cerca el da\u00f1o que se ha causado a mi hijo y a mi comunidad\u00bb, ha agregado, tal y como ha recogido la cadena CNN.<\/p>\n<p>M\u00e1s testimonios de lo ocurrido se han escuchado en el Congreso estadounidense en el marco, adem\u00e1s, de una serie de iniciativas que ha planteado la Administraci\u00f3n Biden para un control m\u00e1s estricto de las armas en el pa\u00eds.<\/p>\n<p>Cualquier medida aprobada por la C\u00e1mara de Representantes, liderada por los dem\u00f3cratas, tambi\u00e9n tendr\u00e1 que pasar por el Senado, lo que requerir\u00e1 60 votos para avanzar y aprobarse, algo complicado para la Administraci\u00f3n Biden debido a la divisi\u00f3n existente en la C\u00e1mara Alta.<\/p>\n<p>Un total de 19 ni\u00f1os y dos educadoras murieron el 24 de mayo en Uvalde, Texas, por los disparos de un joven que con 18 a\u00f1os reci\u00e9n cumplidos adquiri\u00f3 armamento. El caso, como tantos otros tiroteos anteriores, como el de Buffalo, ha reabierto el debate sobre la posesi\u00f3n de armas en Estados Unidos.<\/p>\n<p>&nbsp;<\/p>\n<p>Fuente: EUROPA PRESS<\/p>\n<p>&nbsp;<\/p>\n","protected":false},"excerpt":{"rendered":"<p>MADRID, (EUROPA PRESS) &#8211; &nbsp; Una estudiante que sobrevivi\u00f3 al <a href=\"https:\/\/sertv.gob.pa\/nacionalfm\/estudiantes-y-familiares-de-las-victimas-del-tiroteo-de-uvalde-narran-sus-experiencias-ante-el-congreso\/\"> [&#8230;]<\/a><\/p>\n","protected":false},"author":9,"featured_media":83176,"comment_status":"closed","ping_status":"closed","sticky":false,"template":"","format":"standard","meta":{"footnotes":""},"categories":[3],"tags":[],"class_list":["post-83175","post","type-post","status-publish","format-standard","has-post-thumbnail","hentry","category-internacionales"],"_links":{"self":[{"href":"https:\/\/sertv.gob.pa\/nacionalfm\/wp-json\/wp\/v2\/posts\/83175","targetHints":{"allow":["GET"]}}],"collection":[{"href":"https:\/\/sertv.gob.pa\/nacionalfm\/wp-json\/wp\/v2\/posts"}],"about":[{"href":"https:\/\/sertv.gob.pa\/nacionalfm\/wp-json\/wp\/v2\/types\/post"}],"author":[{"embeddable":true,"href":"https:\/\/sertv.gob.pa\/nacionalfm\/wp-json\/wp\/v2\/users\/9"}],"replies":[{"embeddable":true,"href":"https:\/\/sertv.gob.pa\/nacionalfm\/wp-json\/wp\/v2\/comments?post=83175"}],"version-history":[{"count":1,"href":"https:\/\/sertv.gob.pa\/nacionalfm\/wp-json\/wp\/v2\/posts\/83175\/revisions"}],"predecessor-version":[{"id":83180,"href":"https:\/\/sertv.gob.pa\/nacionalfm\/wp-json\/wp\/v2\/posts\/83175\/revisions\/83180"}],"wp:featuredmedia":[{"embeddable":true,"href":"https:\/\/sertv.gob.pa\/nacionalfm\/wp-json\/wp\/v2\/media\/83176"}],"wp:attachment":[{"href":"https:\/\/sertv.gob.pa\/nacionalfm\/wp-json\/wp\/v2\/media?parent=83175"}],"wp:term":[{"taxonomy":"category","embeddable":true,"href":"https:\/\/sertv.gob.pa\/nacionalfm\/wp-json\/wp\/v2\/categories?post=83175"},{"taxonomy":"post_tag","embeddable":true,"href":"https:\/\/sertv.gob.pa\/nacionalfm\/wp-json\/wp\/v2\/tags?post=83175"}],"curies":[{"name":"wp","href":"https:\/\/api.w.org\/{rel}","templated":true}]}}