{"id":8321,"date":"2015-10-21T18:33:40","date_gmt":"2015-10-21T18:33:40","guid":{"rendered":""},"modified":"2015-10-21T18:33:40","modified_gmt":"2015-10-21T18:33:40","slug":"cerca-de-210-millones-de-mujeres-demandan-anticonceptivos","status":"publish","type":"post","link":"https:\/\/sertv.gob.pa\/nacionalfm\/cerca-de-210-millones-de-mujeres-demandan-anticonceptivos\/","title":{"rendered":"Cerca de 210 millones de mujeres demandan anticonceptivos"},"content":{"rendered":"<p>\nAlrededor de  210 millones de mujeres  en el mundo solicitan hoy un f\u00e1cil acceso a m\u00e9todos anticonceptivos tras de que durante d\u00e9cadas no se potenciara esta medida, lo que afectaba su poder de decisi\u00f3n, destac\u00f3 \u00a0Melinda Gates, copresidenta de la  Fundaci\u00f3n Bill y Melinda Gates . <\/p>\n<p>Antes \u00aben el mundo no pod\u00edamos encontrar anticonceptivos, pero ahora hay 210 millones de mujeres que los est\u00e1n pidiendo\u00bb, remarc\u00f3 Gates en una rueda de prensa en el marco de la primera  Conferencia Global Sobre Salud Materna y Neonatal , que inici\u00f3 en la Ciudad de M\u00e9xico. <\/p>\n<p>\u00abLes hacemos comprender (sobre su uso) para que puedan tomar sus propias decisiones. Este es el camino correcto\u00bb, se\u00f1al\u00f3. <\/p>\n<p>En este sentido, valor\u00f3 que si desde 1970 hubo lentitud en la aplicaci\u00f3n de medidas anticonceptivas fue porque el tema \u00abdividi\u00f3\u00bb en el plano pol\u00edtico y gener\u00f3 controversias en varios pa\u00edses donde hubo una cierta \u00abcoacci\u00f3n\u00bb para que se utilizaran y as\u00ed frenar el crecimiento de poblaci\u00f3n global. <\/p>\n<p>\u00abEsta es la raz\u00f3n por la que ha habido esta brecha en t\u00e9rminos de servicios y recursos disponibles paras las mujeres\u00bb, zanj\u00f3. <\/p>\n<p>Igualmente, el subsecretario mexicano de Prevenci\u00f3n y Promoci\u00f3n de la Salud, Pablo Kuri, enumer\u00f3 tres puntos que debe tratar la pol\u00edtica p\u00fablica en torno a la planificaci\u00f3n familiar y a la salud sexual y reproductiva. <\/p>\n<p>La mujer ha de tener \u00abinformaci\u00f3n\u00bb para tomar la \u00abdecisi\u00f3n adecuada\u00bb, m\u00e9todos anticonceptivos \u00abdisponibles\u00bb y personal de salud cualificado que puedan prepararlas, precis\u00f3. <\/p>\n<p>\u00a0 <\/p>\n","protected":false},"excerpt":{"rendered":"<p>Alrededor de 210 millones de mujeres en el mundo solicitan <a href=\"https:\/\/sertv.gob.pa\/nacionalfm\/cerca-de-210-millones-de-mujeres-demandan-anticonceptivos\/\"> [&#8230;]<\/a><\/p>\n","protected":false},"author":1,"featured_media":8322,"comment_status":"closed","ping_status":"closed","sticky":false,"template":"","format":"standard","meta":{"footnotes":""},"categories":[5],"tags":[],"class_list":["post-8321","post","type-post","status-publish","format-standard","has-post-thumbnail","hentry","category-salud"],"_links":{"self":[{"href":"https:\/\/sertv.gob.pa\/nacionalfm\/wp-json\/wp\/v2\/posts\/8321","targetHints":{"allow":["GET"]}}],"collection":[{"href":"https:\/\/sertv.gob.pa\/nacionalfm\/wp-json\/wp\/v2\/posts"}],"about":[{"href":"https:\/\/sertv.gob.pa\/nacionalfm\/wp-json\/wp\/v2\/types\/post"}],"author":[{"embeddable":true,"href":"https:\/\/sertv.gob.pa\/nacionalfm\/wp-json\/wp\/v2\/users\/1"}],"replies":[{"embeddable":true,"href":"https:\/\/sertv.gob.pa\/nacionalfm\/wp-json\/wp\/v2\/comments?post=8321"}],"version-history":[{"count":0,"href":"https:\/\/sertv.gob.pa\/nacionalfm\/wp-json\/wp\/v2\/posts\/8321\/revisions"}],"wp:featuredmedia":[{"embeddable":true,"href":"https:\/\/sertv.gob.pa\/nacionalfm\/wp-json\/wp\/v2\/media\/8322"}],"wp:attachment":[{"href":"https:\/\/sertv.gob.pa\/nacionalfm\/wp-json\/wp\/v2\/media?parent=8321"}],"wp:term":[{"taxonomy":"category","embeddable":true,"href":"https:\/\/sertv.gob.pa\/nacionalfm\/wp-json\/wp\/v2\/categories?post=8321"},{"taxonomy":"post_tag","embeddable":true,"href":"https:\/\/sertv.gob.pa\/nacionalfm\/wp-json\/wp\/v2\/tags?post=8321"}],"curies":[{"name":"wp","href":"https:\/\/api.w.org\/{rel}","templated":true}]}}