{"id":83236,"date":"2022-06-09T19:58:45","date_gmt":"2022-06-09T19:58:45","guid":{"rendered":"https:\/\/sertv.gob.pa\/nacionalfm\/?p=83236"},"modified":"2022-06-09T19:58:45","modified_gmt":"2022-06-09T19:58:45","slug":"zelenski-anuncia-nuevas-sanciones-contra-putin-y-sus-principales-aliados-en-el-kremlin","status":"publish","type":"post","link":"https:\/\/sertv.gob.pa\/nacionalfm\/zelenski-anuncia-nuevas-sanciones-contra-putin-y-sus-principales-aliados-en-el-kremlin\/","title":{"rendered":"Zelenski anuncia nuevas sanciones contra Putin y sus principales aliados en el Kremlin"},"content":{"rendered":"<p><strong><em>MADRID, (EUROPA PRESS) &#8211;<\/em><\/strong><\/p>\n<p>&nbsp;<\/p>\n<p>El presidente ucraniano, Volodimir Zelenski, ha firmado este jueves un decreto con el que imponer sanciones econ\u00f3micas a varios altos funcionarios del Kremlin, entre ellos su hom\u00f3logo ruso, Vladimir Putin.<\/p>\n<p>Con la firma de este decreto, Zelenski hace efectiva la decisi\u00f3n del Consejo de Defensa y Seguridad Nacional ucraniano de imponer sanciones personales no solo contra el presidente Putin, sino tambi\u00e9n a otros de sus principales socios en el Krelmlin, como el ministro de Asuntos Exteriores, Sergei Lavrov.<\/p>\n<p>Las sanciones suponen el bloqueo de los activos en suelo ucraniano y de las transacciones comerciales, as\u00ed como a la prohibici\u00f3n de retirar capital fuera del pa\u00eds, que el presidente Putin orden\u00f3 invadir el pasado 24 de febrero.<\/p>\n<p>Una treintena de personas m\u00e1s se han visto afectadas por estas sanciones m\u00e1s all\u00e1 de Putin y Lavrov. Son el portavoz del Kremlin, Dimitri Peskov; el primer ministro ruso, Mijail Mishustin; el de Defensa, Sergei Shoigu; los viceprimeros ministros Andrei Belousov y Tatiana Golikova; as\u00ed como el secretario del Consejo de Seguridad, Nikolai Patrushev, entre otros.<\/p>\n<p>&nbsp;<\/p>\n<p>Fuente: EUROPA PRESS<\/p>\n<p>&nbsp;<\/p>\n","protected":false},"excerpt":{"rendered":"<p>MADRID, (EUROPA PRESS) &#8211; &nbsp; El presidente ucraniano, Volodimir Zelenski, <a href=\"https:\/\/sertv.gob.pa\/nacionalfm\/zelenski-anuncia-nuevas-sanciones-contra-putin-y-sus-principales-aliados-en-el-kremlin\/\"> [&#8230;]<\/a><\/p>\n","protected":false},"author":9,"featured_media":83237,"comment_status":"closed","ping_status":"closed","sticky":false,"template":"","format":"standard","meta":{"footnotes":""},"categories":[3],"tags":[],"class_list":["post-83236","post","type-post","status-publish","format-standard","has-post-thumbnail","hentry","category-internacionales"],"_links":{"self":[{"href":"https:\/\/sertv.gob.pa\/nacionalfm\/wp-json\/wp\/v2\/posts\/83236","targetHints":{"allow":["GET"]}}],"collection":[{"href":"https:\/\/sertv.gob.pa\/nacionalfm\/wp-json\/wp\/v2\/posts"}],"about":[{"href":"https:\/\/sertv.gob.pa\/nacionalfm\/wp-json\/wp\/v2\/types\/post"}],"author":[{"embeddable":true,"href":"https:\/\/sertv.gob.pa\/nacionalfm\/wp-json\/wp\/v2\/users\/9"}],"replies":[{"embeddable":true,"href":"https:\/\/sertv.gob.pa\/nacionalfm\/wp-json\/wp\/v2\/comments?post=83236"}],"version-history":[{"count":1,"href":"https:\/\/sertv.gob.pa\/nacionalfm\/wp-json\/wp\/v2\/posts\/83236\/revisions"}],"predecessor-version":[{"id":83238,"href":"https:\/\/sertv.gob.pa\/nacionalfm\/wp-json\/wp\/v2\/posts\/83236\/revisions\/83238"}],"wp:featuredmedia":[{"embeddable":true,"href":"https:\/\/sertv.gob.pa\/nacionalfm\/wp-json\/wp\/v2\/media\/83237"}],"wp:attachment":[{"href":"https:\/\/sertv.gob.pa\/nacionalfm\/wp-json\/wp\/v2\/media?parent=83236"}],"wp:term":[{"taxonomy":"category","embeddable":true,"href":"https:\/\/sertv.gob.pa\/nacionalfm\/wp-json\/wp\/v2\/categories?post=83236"},{"taxonomy":"post_tag","embeddable":true,"href":"https:\/\/sertv.gob.pa\/nacionalfm\/wp-json\/wp\/v2\/tags?post=83236"}],"curies":[{"name":"wp","href":"https:\/\/api.w.org\/{rel}","templated":true}]}}