{"id":83297,"date":"2022-06-10T17:44:26","date_gmt":"2022-06-10T17:44:26","guid":{"rendered":"https:\/\/sertv.gob.pa\/nacionalfm\/?p=83297"},"modified":"2022-06-10T17:44:26","modified_gmt":"2022-06-10T17:44:26","slug":"ucrania-la-onu-califica-de-crimen-de-guerra-la-condena-a-muerte-impuesta-contra-dos-britanicos-y-un-marroqui","status":"publish","type":"post","link":"https:\/\/sertv.gob.pa\/nacionalfm\/ucrania-la-onu-califica-de-crimen-de-guerra-la-condena-a-muerte-impuesta-contra-dos-britanicos-y-un-marroqui\/","title":{"rendered":"Ucrania.- La ONU califica de \u00abcrimen de guerra\u00bb la condena a muerte impuesta contra dos brit\u00e1nicos y un marroqu\u00ed"},"content":{"rendered":"<p><strong><em>MADRID, (EUROPA PRESS) &#8211;<\/em><\/strong><\/p>\n<p>&nbsp;<\/p>\n<p>La Oficina del Alto Comisionado de Naciones Unidas para los Derechos Humanos ha tildado este viernes de \u00abcrimen de guerra\u00bb la condena por parte de la Justicia de la autoproclamada rep\u00fablica de Donetsk a pena de muerte impuesta contra dos ciudadanos brit\u00e1nicos y un marroqu\u00ed acusados de participar en la guerra de Ucrania en favor del bando ucraniano.<\/p>\n<p>As\u00ed, la portavoz del organismo, Ravina Shamdasani, ha criticado la sentencia y ha alertado de que \u00abeste tipo de juicios contra prisioneros de guerra constituyen cr\u00edmenes de guerra\u00bb.<\/p>\n<p>\u00abEstamos preocupados por la decisi\u00f3n de la supuesta Justicia de la autoproclamada rep\u00fablica, que ha condenado a muerte a tres militares\u00bb, ha aseverado Shamdasani antes de indicar que, \u00abseg\u00fan las autoridades de Ucrania, todos ellos formaban parte de las Fuerzas Armadas y, por lo tanto, no deben ser considerados mercenarios\u00bb.<\/p>\n<p>En este sentido, ha matizado que las partes han fracasado a la hora de \u00ablograr un juicio justo\u00bb en las regiones del este de Ucrania que hacen frontera con Rusia. \u00abDesde 2015 hemos venido observando que el supuesto sistema judicial en estas zonas no cumple con las garant\u00edas esenciales como las vistas p\u00fablicas, la independencia judicial y la imparcialidad\u00bb, ha aseverado.<\/p>\n<p>La Justicia de Donetsk ha condenado a muerte a Sean Piner, Aiden Aslin y Sadun Brahim, capturados por las tropas rusas en el marco de la guerra y quienes reconocieron el mi\u00e9rcoles parte de los delitos que se les atribu\u00edan.<\/p>\n<p>&nbsp;<\/p>\n<p>Fuente: EUROPA PRESS<\/p>\n<p>&nbsp;<\/p>\n<p>&nbsp;<\/p>\n","protected":false},"excerpt":{"rendered":"<p>MADRID, (EUROPA PRESS) &#8211; &nbsp; La Oficina del Alto Comisionado <a href=\"https:\/\/sertv.gob.pa\/nacionalfm\/ucrania-la-onu-califica-de-crimen-de-guerra-la-condena-a-muerte-impuesta-contra-dos-britanicos-y-un-marroqui\/\"> [&#8230;]<\/a><\/p>\n","protected":false},"author":9,"featured_media":83298,"comment_status":"closed","ping_status":"closed","sticky":false,"template":"","format":"standard","meta":{"footnotes":""},"categories":[3],"tags":[],"class_list":["post-83297","post","type-post","status-publish","format-standard","has-post-thumbnail","hentry","category-internacionales"],"_links":{"self":[{"href":"https:\/\/sertv.gob.pa\/nacionalfm\/wp-json\/wp\/v2\/posts\/83297","targetHints":{"allow":["GET"]}}],"collection":[{"href":"https:\/\/sertv.gob.pa\/nacionalfm\/wp-json\/wp\/v2\/posts"}],"about":[{"href":"https:\/\/sertv.gob.pa\/nacionalfm\/wp-json\/wp\/v2\/types\/post"}],"author":[{"embeddable":true,"href":"https:\/\/sertv.gob.pa\/nacionalfm\/wp-json\/wp\/v2\/users\/9"}],"replies":[{"embeddable":true,"href":"https:\/\/sertv.gob.pa\/nacionalfm\/wp-json\/wp\/v2\/comments?post=83297"}],"version-history":[{"count":1,"href":"https:\/\/sertv.gob.pa\/nacionalfm\/wp-json\/wp\/v2\/posts\/83297\/revisions"}],"predecessor-version":[{"id":83299,"href":"https:\/\/sertv.gob.pa\/nacionalfm\/wp-json\/wp\/v2\/posts\/83297\/revisions\/83299"}],"wp:featuredmedia":[{"embeddable":true,"href":"https:\/\/sertv.gob.pa\/nacionalfm\/wp-json\/wp\/v2\/media\/83298"}],"wp:attachment":[{"href":"https:\/\/sertv.gob.pa\/nacionalfm\/wp-json\/wp\/v2\/media?parent=83297"}],"wp:term":[{"taxonomy":"category","embeddable":true,"href":"https:\/\/sertv.gob.pa\/nacionalfm\/wp-json\/wp\/v2\/categories?post=83297"},{"taxonomy":"post_tag","embeddable":true,"href":"https:\/\/sertv.gob.pa\/nacionalfm\/wp-json\/wp\/v2\/tags?post=83297"}],"curies":[{"name":"wp","href":"https:\/\/api.w.org\/{rel}","templated":true}]}}