{"id":83300,"date":"2022-06-10T17:54:40","date_gmt":"2022-06-10T17:54:40","guid":{"rendered":"https:\/\/sertv.gob.pa\/nacionalfm\/?p=83300"},"modified":"2022-06-10T17:54:40","modified_gmt":"2022-06-10T17:54:40","slug":"al-menos-65-ninos-muertos-por-un-brote-de-meningitis-en-el-estado-nigeriano-de-jigawa","status":"publish","type":"post","link":"https:\/\/sertv.gob.pa\/nacionalfm\/al-menos-65-ninos-muertos-por-un-brote-de-meningitis-en-el-estado-nigeriano-de-jigawa\/","title":{"rendered":"Al menos 65 ni\u00f1os muertos por un brote de meningitis en el estado nigeriano de Jigawa"},"content":{"rendered":"<p><strong><em>MADRID, (EUROPA PRESS) &#8211;<\/em><\/strong><\/p>\n<p>&nbsp;<\/p>\n<p>Al menos 65 ni\u00f1os han fallecido por un brote de meningitis declarado aproximadamente en abril en 18 poblaciones del estado nigeriano de Jigawa, en el norte del pa\u00eds, seg\u00fan han confirmado residentes y fuentes m\u00e9dicas de la regi\u00f3n.<\/p>\n<p>El jefe de Epidemiolog\u00eda del Ministerio de Salud del estado, Samaila Mahmud, ha confirmado en rueda de prensa que la enfermedad ha aparecido en 18 de las 27 \u00e1reas del territorio, seg\u00fan recoge el diario nigeriano &#8216;Daily Post&#8217;.<\/p>\n<p>Seg\u00fan fuentes del medio, el brote apareci\u00f3 en las zonas pr\u00f3ximas a la frontera con N\u00edger para extenderse hacia el sur a toda velocidad en localidades como Sule-Tankarkar, donde han fallecido 19 ni\u00f1os, alguno de ellos a las 12 horas de haber contra\u00eddo la enfermedad.<\/p>\n<p>La ONG Save the Children ya ha iniciado una operaci\u00f3n de emergencia para atender a la poblaci\u00f3n infantil mientras las autoridades locales intentan recabar toda la informaci\u00f3n posible sobre el impacto del brote entre la poblaci\u00f3n adulta.<\/p>\n<p>En este sentido, las fuentes del diario &#8216;Daily Trust&#8217; estiman un total de 360 casos posibles en todo el estado y un centenar de fallecidos, si bien esta informaci\u00f3n no ha sido corroborada por fuentes oficiales.<\/p>\n<p>&nbsp;<\/p>\n<p>Fuente: EUROPA PRESS<\/p>\n<p>&nbsp;<\/p>\n<p>&nbsp;<\/p>\n","protected":false},"excerpt":{"rendered":"<p>MADRID, (EUROPA PRESS) &#8211; &nbsp; Al menos 65 ni\u00f1os han <a href=\"https:\/\/sertv.gob.pa\/nacionalfm\/al-menos-65-ninos-muertos-por-un-brote-de-meningitis-en-el-estado-nigeriano-de-jigawa\/\"> [&#8230;]<\/a><\/p>\n","protected":false},"author":9,"featured_media":83301,"comment_status":"closed","ping_status":"closed","sticky":false,"template":"","format":"standard","meta":{"footnotes":""},"categories":[3],"tags":[],"class_list":["post-83300","post","type-post","status-publish","format-standard","has-post-thumbnail","hentry","category-internacionales"],"_links":{"self":[{"href":"https:\/\/sertv.gob.pa\/nacionalfm\/wp-json\/wp\/v2\/posts\/83300","targetHints":{"allow":["GET"]}}],"collection":[{"href":"https:\/\/sertv.gob.pa\/nacionalfm\/wp-json\/wp\/v2\/posts"}],"about":[{"href":"https:\/\/sertv.gob.pa\/nacionalfm\/wp-json\/wp\/v2\/types\/post"}],"author":[{"embeddable":true,"href":"https:\/\/sertv.gob.pa\/nacionalfm\/wp-json\/wp\/v2\/users\/9"}],"replies":[{"embeddable":true,"href":"https:\/\/sertv.gob.pa\/nacionalfm\/wp-json\/wp\/v2\/comments?post=83300"}],"version-history":[{"count":1,"href":"https:\/\/sertv.gob.pa\/nacionalfm\/wp-json\/wp\/v2\/posts\/83300\/revisions"}],"predecessor-version":[{"id":83302,"href":"https:\/\/sertv.gob.pa\/nacionalfm\/wp-json\/wp\/v2\/posts\/83300\/revisions\/83302"}],"wp:featuredmedia":[{"embeddable":true,"href":"https:\/\/sertv.gob.pa\/nacionalfm\/wp-json\/wp\/v2\/media\/83301"}],"wp:attachment":[{"href":"https:\/\/sertv.gob.pa\/nacionalfm\/wp-json\/wp\/v2\/media?parent=83300"}],"wp:term":[{"taxonomy":"category","embeddable":true,"href":"https:\/\/sertv.gob.pa\/nacionalfm\/wp-json\/wp\/v2\/categories?post=83300"},{"taxonomy":"post_tag","embeddable":true,"href":"https:\/\/sertv.gob.pa\/nacionalfm\/wp-json\/wp\/v2\/tags?post=83300"}],"curies":[{"name":"wp","href":"https:\/\/api.w.org\/{rel}","templated":true}]}}