{"id":83377,"date":"2022-06-13T20:15:38","date_gmt":"2022-06-13T20:15:38","guid":{"rendered":"https:\/\/sertv.gob.pa\/nacionalfm\/?p=83377"},"modified":"2022-06-13T20:15:38","modified_gmt":"2022-06-13T20:15:38","slug":"eeuu-impone-restricciones-de-visado-a-93-personas-acusadas-de-socavar-la-democracia-de-nicaragua","status":"publish","type":"post","link":"https:\/\/sertv.gob.pa\/nacionalfm\/eeuu-impone-restricciones-de-visado-a-93-personas-acusadas-de-socavar-la-democracia-de-nicaragua\/","title":{"rendered":"EEUU impone restricciones de visado a 93 personas acusadas de \u00absocavar la democracia\u00bb de Nicaragua"},"content":{"rendered":"<p><strong><em>MADRID, (EUROPA PRESS) &#8211;<\/em><\/strong><\/p>\n<p>&nbsp;<\/p>\n<p>La Administraci\u00f3n de Estados Unidos ha anunciado la imposici\u00f3n de sanciones de visado a 93 personas que se cree que \u00absocavaron la democracia\u00bb en Nicaragua tras la \u00abreelecci\u00f3n ileg\u00edtima\u00bb de Daniel Ortega como presidente del pa\u00eds el pasado mes de noviembre.<\/p>\n<p>El Departamento de Estado ha reconocido estar \u00abprofundamente preocupado\u00bb por la situaci\u00f3n en el pa\u00eds centroamericano, con lo que ha incluido en su &#8216;lista negra&#8217; a jueces, fiscales, parlamentarios y funcionarios del Ministerio del Interior nicarag\u00fcense.<\/p>\n<p>Seg\u00fan ha explicado el departamento diplom\u00e1tico estadounidense en un comunicado, estas 93 personas \u00abcomparten la complicidad\u00bb con Ortega y su vicepresidenta, Rosario Murillo, para \u00absocavar la democracia a trav\u00e9s de su participaci\u00f3n en los enjuiciamientos y condenas de l\u00edderes de la oposici\u00f3n, defensores de los derechos humanos, l\u00edderes del sector privado y defensores de los estudiantes\u00bb.<\/p>\n<p>Por su parte, los miembros de la Asamblea Nacional y los empleados del Ministerio del Interior permitieron al presidente \u00abreforzar su control autoritario\u00bb sobre la poblaci\u00f3n y las instituciones a trav\u00e9s del \u00abuso de leyes represivas\u00bb, mediante las cuales se han ilegalizado ya m\u00e1s de 400 ONG y una docena de universidades.<\/p>\n<p>Finalmente, Estados Unidos ha denunciado que \u00abel r\u00e9gimen tiene a m\u00e1s de 180 presos pol\u00edticos\u00bb, muchos de ellos en condiciones inadecuadas. Adem\u00e1s, ha alertado de que incluso los presos en arresto domiciliario \u00absufren abusos y no pueden elegir sus propios proveedores de atenci\u00f3n m\u00e9dica ni recibir visitas\u00bb.<\/p>\n<p>\u00abEstados Unidos reitera su llamado a la liberaci\u00f3n inmediata e incondicional de los injustamente detenidos y al restablecimiento de la democracia y el estado de derecho en Nicaragua\u00bb, ha zanjado el Departamento de Estado.<\/p>\n<p>La Administraci\u00f3n del presidente estadounidense, Joe Biden, ha sancionado en varias ocasiones a funcionarios nicarag\u00fcenses como respuesta a las condiciones democr\u00e1ticas del pa\u00eds. Por estos mismos motivos, la naci\u00f3n centroamericana ha quedado excluida de la Cumbre de las Am\u00e9ricas, organizada por Estados Unidos.<\/p>\n<p>Fuente: EUROPA PRESS<\/p>\n<p>&nbsp;<\/p>\n","protected":false},"excerpt":{"rendered":"<p>MADRID, (EUROPA PRESS) &#8211; &nbsp; La Administraci\u00f3n de Estados Unidos <a href=\"https:\/\/sertv.gob.pa\/nacionalfm\/eeuu-impone-restricciones-de-visado-a-93-personas-acusadas-de-socavar-la-democracia-de-nicaragua\/\"> [&#8230;]<\/a><\/p>\n","protected":false},"author":9,"featured_media":83378,"comment_status":"closed","ping_status":"closed","sticky":false,"template":"","format":"standard","meta":{"footnotes":""},"categories":[3],"tags":[],"class_list":["post-83377","post","type-post","status-publish","format-standard","has-post-thumbnail","hentry","category-internacionales"],"_links":{"self":[{"href":"https:\/\/sertv.gob.pa\/nacionalfm\/wp-json\/wp\/v2\/posts\/83377","targetHints":{"allow":["GET"]}}],"collection":[{"href":"https:\/\/sertv.gob.pa\/nacionalfm\/wp-json\/wp\/v2\/posts"}],"about":[{"href":"https:\/\/sertv.gob.pa\/nacionalfm\/wp-json\/wp\/v2\/types\/post"}],"author":[{"embeddable":true,"href":"https:\/\/sertv.gob.pa\/nacionalfm\/wp-json\/wp\/v2\/users\/9"}],"replies":[{"embeddable":true,"href":"https:\/\/sertv.gob.pa\/nacionalfm\/wp-json\/wp\/v2\/comments?post=83377"}],"version-history":[{"count":1,"href":"https:\/\/sertv.gob.pa\/nacionalfm\/wp-json\/wp\/v2\/posts\/83377\/revisions"}],"predecessor-version":[{"id":83379,"href":"https:\/\/sertv.gob.pa\/nacionalfm\/wp-json\/wp\/v2\/posts\/83377\/revisions\/83379"}],"wp:featuredmedia":[{"embeddable":true,"href":"https:\/\/sertv.gob.pa\/nacionalfm\/wp-json\/wp\/v2\/media\/83378"}],"wp:attachment":[{"href":"https:\/\/sertv.gob.pa\/nacionalfm\/wp-json\/wp\/v2\/media?parent=83377"}],"wp:term":[{"taxonomy":"category","embeddable":true,"href":"https:\/\/sertv.gob.pa\/nacionalfm\/wp-json\/wp\/v2\/categories?post=83377"},{"taxonomy":"post_tag","embeddable":true,"href":"https:\/\/sertv.gob.pa\/nacionalfm\/wp-json\/wp\/v2\/tags?post=83377"}],"curies":[{"name":"wp","href":"https:\/\/api.w.org\/{rel}","templated":true}]}}