{"id":83448,"date":"2022-06-14T20:34:35","date_gmt":"2022-06-14T20:34:35","guid":{"rendered":"https:\/\/sertv.gob.pa\/nacionalfm\/?p=83448"},"modified":"2022-06-14T20:34:35","modified_gmt":"2022-06-14T20:34:35","slug":"zelenski-confia-en-que-ucrania-resistira-tanto-como-sea-necesario-hasta-recibir-el-armamento-solicitado","status":"publish","type":"post","link":"https:\/\/sertv.gob.pa\/nacionalfm\/zelenski-confia-en-que-ucrania-resistira-tanto-como-sea-necesario-hasta-recibir-el-armamento-solicitado\/","title":{"rendered":"Zelenski conf\u00eda en que Ucrania resistir\u00e1 \u00abtanto como sea necesario\u00bb hasta recibir el armamento solicitado"},"content":{"rendered":"<p><strong><em>MADRID, (EUROPA PRESS) &#8211;<\/em><\/strong><\/p>\n<p>&nbsp;<\/p>\n<p>El presidente de Ucrania, Volodimir Zelenski, ha trasladado su confianza en que las Fuerzas Armadas del pa\u00eds resistir\u00e1n \u00abtanto como sea necesario\u00bb hasta recibir el armamento solicitado a las potencias occidentales.<\/p>\n<p>Sin embargo, en una entrevista para el diario alem\u00e1n &#8216;Zeit&#8217;, Zelenski ha incidido una vez m\u00e1s en la importancia de contar cuanto antes con las armas necesarias para hacer que las bajas en las filas ucranianas sean las menos posibles.<\/p>\n<p>En este sentido, el mandatario ha puesto en valor la resistencia del Ej\u00e9rcito ucraniano a la ofensiva lanzada por Rusia hace ya m\u00e1s de 110 d\u00edas, y ha vuelto a recordar que estos no solo est\u00e1n defendiendo a Ucrania, sino al conjunto del continente europeo.<\/p>\n<p>\u00abEs m\u00e1s inteligente que todos en Europa nos ayuden ahora para que no tengamos que defender a otras naciones m\u00e1s tarde\u00bb, ha se\u00f1alado el jefe de Estado, que ha aclarado que no est\u00e1 pidiendo \u00abm\u00e1s de lo necesario para proteger la libertad\u00bb.<\/p>\n<p>\u00abPara algunos, mi demanda puede parecer una repetici\u00f3n interminable, pero tengo que decirlo una y otra vez: necesitamos armas modernas. Necesitamos apoyo para sobrevivir y ganar. Y cuanto menos dispuestos est\u00e9n nuestros socios a ayudarnos con las armas, m\u00e1s durar\u00e1 esta guerra y m\u00e1s personas morir\u00e1n\u00bb, ha advertido.<\/p>\n<p>En este punto, ha apuntado que si fuera posible comprar directamente el armamento necesario, Ucrania no tendr\u00eda que dedicar semanas y meses enteros negociando con sus socios. Adem\u00e1s, considera que existe un \u00abdesequilibrio\u00bb de fuerzas en comparaci\u00f3n con Rusia, algo que hace que est\u00e1 costando la vida a muchos de sus conciudadanos.<\/p>\n<p>En concreto, Zelenski ha lanzado un mensaje al canciller alem\u00e1n, Olaf Scholz, a quien le ha recriminado que los suministros de armas procedentes de Alemania son \u00abmenores de lo que podr\u00edan ser\u00bb. \u00abSi consigui\u00e9ramos todas las armas modernas que le pedimos a nuestros socios, podr\u00edamos salvar muchas vidas\u00bb, ha dicho.<\/p>\n<p>Por otro lado, ha incidido en que Ucrania aspira a recuperar sus posiciones previas a la guerra de Crimea de 2014, recuperando por tanto la pen\u00ednsula del mar Negro y las regiones de Donetsk y Lugansk, en el Donb\u00e1s.<\/p>\n<p>Finalmente, ha mostrado su predisposici\u00f3n para sentarse a la mesa con Rusia para negociar el fin de la guerra, aunque ha cuestionado la posibilidad de que haya paz cuando \u00abRusia no est\u00e1 lista para la paz\u00bb. En este sentido, ha puesto en duda las promesas de Mosc\u00fa de que no aprovechar\u00e1 las labores de desminado de Odesa para atacar la zona.<\/p>\n<p>&nbsp;<\/p>\n<p>Fuente: EUROPA PRESS<\/p>\n","protected":false},"excerpt":{"rendered":"<p>MADRID, (EUROPA PRESS) &#8211; &nbsp; El presidente de Ucrania, Volodimir <a href=\"https:\/\/sertv.gob.pa\/nacionalfm\/zelenski-confia-en-que-ucrania-resistira-tanto-como-sea-necesario-hasta-recibir-el-armamento-solicitado\/\"> [&#8230;]<\/a><\/p>\n","protected":false},"author":9,"featured_media":83449,"comment_status":"closed","ping_status":"closed","sticky":false,"template":"","format":"standard","meta":{"footnotes":""},"categories":[3],"tags":[],"class_list":["post-83448","post","type-post","status-publish","format-standard","has-post-thumbnail","hentry","category-internacionales"],"_links":{"self":[{"href":"https:\/\/sertv.gob.pa\/nacionalfm\/wp-json\/wp\/v2\/posts\/83448","targetHints":{"allow":["GET"]}}],"collection":[{"href":"https:\/\/sertv.gob.pa\/nacionalfm\/wp-json\/wp\/v2\/posts"}],"about":[{"href":"https:\/\/sertv.gob.pa\/nacionalfm\/wp-json\/wp\/v2\/types\/post"}],"author":[{"embeddable":true,"href":"https:\/\/sertv.gob.pa\/nacionalfm\/wp-json\/wp\/v2\/users\/9"}],"replies":[{"embeddable":true,"href":"https:\/\/sertv.gob.pa\/nacionalfm\/wp-json\/wp\/v2\/comments?post=83448"}],"version-history":[{"count":1,"href":"https:\/\/sertv.gob.pa\/nacionalfm\/wp-json\/wp\/v2\/posts\/83448\/revisions"}],"predecessor-version":[{"id":83450,"href":"https:\/\/sertv.gob.pa\/nacionalfm\/wp-json\/wp\/v2\/posts\/83448\/revisions\/83450"}],"wp:featuredmedia":[{"embeddable":true,"href":"https:\/\/sertv.gob.pa\/nacionalfm\/wp-json\/wp\/v2\/media\/83449"}],"wp:attachment":[{"href":"https:\/\/sertv.gob.pa\/nacionalfm\/wp-json\/wp\/v2\/media?parent=83448"}],"wp:term":[{"taxonomy":"category","embeddable":true,"href":"https:\/\/sertv.gob.pa\/nacionalfm\/wp-json\/wp\/v2\/categories?post=83448"},{"taxonomy":"post_tag","embeddable":true,"href":"https:\/\/sertv.gob.pa\/nacionalfm\/wp-json\/wp\/v2\/tags?post=83448"}],"curies":[{"name":"wp","href":"https:\/\/api.w.org\/{rel}","templated":true}]}}