{"id":83487,"date":"2022-06-15T18:46:51","date_gmt":"2022-06-15T18:46:51","guid":{"rendered":"https:\/\/sertv.gob.pa\/nacionalfm\/?p=83487"},"modified":"2022-06-15T18:46:51","modified_gmt":"2022-06-15T18:46:51","slug":"bolsonaro-cree-que-si-los-dos-desaparecidos-en-amazonas-cayeron-al-rio-poca-cosa-va-a-sobrar","status":"publish","type":"post","link":"https:\/\/sertv.gob.pa\/nacionalfm\/bolsonaro-cree-que-si-los-dos-desaparecidos-en-amazonas-cayeron-al-rio-poca-cosa-va-a-sobrar\/","title":{"rendered":"Bolsonaro cree que si los dos desaparecidos en Amazonas cayeron al r\u00edo \u00abpoca cosa va a sobrar\u00bb"},"content":{"rendered":"<p><strong><em>MADRID, (EUROPA PRESS) &#8211;<\/em><\/strong><\/p>\n<p>&nbsp;<\/p>\n<p>El presidente de Brasil, Jair Bolsonaro, ha contado este mi\u00e9rcoles que \u00abpide a dios\u00bb para que los dos desaparecidos en Amazonas, el indigenista Bruno Ara\u00fajo y el periodista brit\u00e1nico Dom Phillips, no hayan sido asesinados, aunque cree que \u00abtodo indica que los mataron\u00bb y que si han ca\u00eddo al r\u00edo \u00abpoca cosa va a sobrar\u00bb.<\/p>\n<p>\u00abPor lo que todo indica, si mataron a los dos, espero que no, est\u00e1n dentro del agua y dentro del agua poca cosa va a sobrar, los peces comen, no s\u00e9 si hay pira\u00f1as ah\u00ed en Yavar\u00ed. Los sentimos mucho\u00bb, ha dicho el presidente brasile\u00f1o durante una entrevista para la periodista Leda Nagle, recogida por &#8216;Folha de Sao Paulo&#8217;.<\/p>\n<p>Durante la entrevista, Bolsonaro no ha dejado pasar la ocasi\u00f3n para volver a reprochar tanto a Phillips como a Ara\u00fajo haber viajado solos y sin seguridad a una regi\u00f3n \u00abcompletamente inh\u00f3spita\u00bb y en el caso del periodista brit\u00e1nico ha se\u00f1alado que era una persona \u00abmal vista\u00bb en la regi\u00f3n por sus reportajes sobre la extracci\u00f3n ilegal de oro en la zona.<\/p>\n<p>\u00abEse ingl\u00e9s estaba mal visto en la regi\u00f3n porque hac\u00eda muchos temas contra los &#8216;garimpeiros&#8217; (extractores irregulares de oro), entonces, en esa regi\u00f3n, que est\u00e1 bastante aislada, a mucha gente no le ca\u00eda bien\u00bb, ha justificado Bolsonaro,<\/p>\n<p>\u00ab\u00c9l ten\u00eda que haber m\u00e1s que redoblado la atenci\u00f3n para s\u00ed mismo y decidi\u00f3 hacer una excursi\u00f3n. No sabemos si alguien le vio y fue detr\u00e1s de \u00e9l, all\u00e1 hay piratas en el r\u00edo, all\u00e1 hay todo lo que se pueda imaginar\u00bb, ha continuado Bolsonaro.<\/p>\n<p>Bolsonaro ha ido m\u00e1s all\u00e1 e incluso ha criticado a los dos desparecidos no haber estado armados cuando emprendieron el viaje. \u00abEs muy temerario andar por aquella regi\u00f3n sin estar debidamente preparado f\u00edsicamente y sin armamento debidamente autorizado por la FUNAI (La Fundaci\u00f3n Nacional del Indio)\u00bb.<\/p>\n<p>En los \u00faltimos d\u00edas han circulado informaciones contradictorias sobre el destino de los desaparecidos, con los familiares de Phillips afirmando que los cuerpos hab\u00edan sido hallados &#8211;seg\u00fan una fuente de la Embajada de Brasil en Reino Unido&#8211;, mientras que la Polic\u00eda Federal lo descartaba y dec\u00eda que la b\u00fasqueda continuaba.<\/p>\n<p>En las \u00faltimas horas, la Polic\u00eda ha trasladado a los dos sospechosos de la desaparici\u00f3n &#8211;los hermanos Oseney y Amarildo da Costa Oliveira&#8211; a la zona en la que se ha desplegado el operativo de b\u00fasqueda en un intento por avanzar en un caso, que se prolonga ya desde el pasado 5 de junio, cuando fueron vistos por \u00faltima en la comunidad de Sao Rafael, dentro de las tierras ind\u00edgenas del Valle del Yavar\u00ed.<\/p>\n<p>La zona en la que ambos desaparecieron es conocida por ser una de las m\u00e1s inaccesibles de la regi\u00f3n, hogar no solo para la mayor concentraci\u00f3n de pueblos ind\u00edgenas sin contactar, sino tambi\u00e9n escenario de una de las mayores rutas por las que circula tanto la coca\u00edna que llega desde Per\u00fa para ser distribuida a Europa, como otras materias primas como madera y oro extra\u00eddos ilegalmente.<\/p>\n<p>&nbsp;<\/p>\n<p>Fuente: EUROPA PRESS<\/p>\n","protected":false},"excerpt":{"rendered":"<p>MADRID, (EUROPA PRESS) &#8211; &nbsp; El presidente de Brasil, Jair <a href=\"https:\/\/sertv.gob.pa\/nacionalfm\/bolsonaro-cree-que-si-los-dos-desaparecidos-en-amazonas-cayeron-al-rio-poca-cosa-va-a-sobrar\/\"> [&#8230;]<\/a><\/p>\n","protected":false},"author":9,"featured_media":83488,"comment_status":"closed","ping_status":"closed","sticky":false,"template":"","format":"standard","meta":{"footnotes":""},"categories":[3],"tags":[],"class_list":["post-83487","post","type-post","status-publish","format-standard","has-post-thumbnail","hentry","category-internacionales"],"_links":{"self":[{"href":"https:\/\/sertv.gob.pa\/nacionalfm\/wp-json\/wp\/v2\/posts\/83487","targetHints":{"allow":["GET"]}}],"collection":[{"href":"https:\/\/sertv.gob.pa\/nacionalfm\/wp-json\/wp\/v2\/posts"}],"about":[{"href":"https:\/\/sertv.gob.pa\/nacionalfm\/wp-json\/wp\/v2\/types\/post"}],"author":[{"embeddable":true,"href":"https:\/\/sertv.gob.pa\/nacionalfm\/wp-json\/wp\/v2\/users\/9"}],"replies":[{"embeddable":true,"href":"https:\/\/sertv.gob.pa\/nacionalfm\/wp-json\/wp\/v2\/comments?post=83487"}],"version-history":[{"count":1,"href":"https:\/\/sertv.gob.pa\/nacionalfm\/wp-json\/wp\/v2\/posts\/83487\/revisions"}],"predecessor-version":[{"id":83490,"href":"https:\/\/sertv.gob.pa\/nacionalfm\/wp-json\/wp\/v2\/posts\/83487\/revisions\/83490"}],"wp:featuredmedia":[{"embeddable":true,"href":"https:\/\/sertv.gob.pa\/nacionalfm\/wp-json\/wp\/v2\/media\/83488"}],"wp:attachment":[{"href":"https:\/\/sertv.gob.pa\/nacionalfm\/wp-json\/wp\/v2\/media?parent=83487"}],"wp:term":[{"taxonomy":"category","embeddable":true,"href":"https:\/\/sertv.gob.pa\/nacionalfm\/wp-json\/wp\/v2\/categories?post=83487"},{"taxonomy":"post_tag","embeddable":true,"href":"https:\/\/sertv.gob.pa\/nacionalfm\/wp-json\/wp\/v2\/tags?post=83487"}],"curies":[{"name":"wp","href":"https:\/\/api.w.org\/{rel}","templated":true}]}}