{"id":83491,"date":"2022-06-15T19:08:04","date_gmt":"2022-06-15T19:08:04","guid":{"rendered":"https:\/\/sertv.gob.pa\/nacionalfm\/?p=83491"},"modified":"2022-06-15T19:08:04","modified_gmt":"2022-06-15T19:08:04","slug":"arabia-saudi-incauta-juguetes-y-ropa-para-ninos-con-los-colores-del-arcoiris-porque-fomentan-la-homosexualidad","status":"publish","type":"post","link":"https:\/\/sertv.gob.pa\/nacionalfm\/arabia-saudi-incauta-juguetes-y-ropa-para-ninos-con-los-colores-del-arcoiris-porque-fomentan-la-homosexualidad\/","title":{"rendered":"Arabia Saud\u00ed incauta juguetes y ropa para ni\u00f1os con los colores del arco\u00edris porque fomentan la homosexualidad"},"content":{"rendered":"<p><strong><em>MADRID, (EUROPA PRESS) &#8211;<\/em><\/strong><\/p>\n<p>&nbsp;<\/p>\n<p>El Gobierno de Arabia Saud\u00ed ha lanzado una campa\u00f1a para incautar todos aquellos productos infantiles, como ropa o juguetes, porque \u00abcontradicen la fe isl\u00e1mica y la moral p\u00fablica\u00bb, adem\u00e1s de \u00abpromover colores homosexuales\u00bb entre los m\u00e1s j\u00f3venes.<\/p>\n<p>En un v\u00eddeo publicado en el perfil de Twitter del Ministerio de Comercio, se puede ver a una pareja de funcionarios pase\u00e1ndose por un centro comercial de Riad, incautando juguetes con los colores del arco\u00edris bajo el pretexto de que portan simbolog\u00eda que \u00abllama a la desviaci\u00f3n\u00bb y \u00abcontradice el sentido com\u00fan\u00bb.<\/p>\n<p>Entre los productos confiscados que se ven en las im\u00e1genes se pueden ver cepillos para el pelo, camisetas, sombreros, estuches para l\u00e1pices, bolsos, y varios tipos de juguetes, con multas para los establecimientos \u00abinfractores\u00bb. Una medida que ya adopt\u00f3 su vecino Qatar el pasado mes de diciembre.<\/p>\n<p>Seg\u00fan la interpretaci\u00f3n m\u00e1s radical de ley isl\u00e1mica por parte de Arabia Saud\u00ed, las relaciones homosexuales entre personas del mismo sexo se castigan con la muerte o la flagelaci\u00f3n, as\u00ed como aquellas conductas que infrinjan el \u00aborden p\u00fablico, los valores religiosos, o la moral p\u00fablica\u00bb.<\/p>\n<p>No es la primera vez que se conoce la particular cruzada del reino sun\u00ed contra el colectivo LGTBI, que ya en abril censuraron la pel\u00edcula &#8216;Doctor Strange en el multiverso de la locura&#8217; al considerar que conten\u00eda referencias homosexuales.<\/p>\n<p>El lunes, su vecino Emiratos \u00c1rabes Unidos (EAU) anunci\u00f3 que la pel\u00edcula de Pixar &#8216;Lightyear&#8217; no podr\u00eda ser estrenada en las salas de cine del pa\u00eds puesto que conten\u00eda una escena en la que dos personajes del mismo sexo se dan un beso.<\/p>\n<p>&nbsp;<\/p>\n<p>Fuente: EUROPA PRESS<\/p>\n<p>&nbsp;<\/p>\n","protected":false},"excerpt":{"rendered":"<p>MADRID, (EUROPA PRESS) &#8211; &nbsp; El Gobierno de Arabia Saud\u00ed <a href=\"https:\/\/sertv.gob.pa\/nacionalfm\/arabia-saudi-incauta-juguetes-y-ropa-para-ninos-con-los-colores-del-arcoiris-porque-fomentan-la-homosexualidad\/\"> [&#8230;]<\/a><\/p>\n","protected":false},"author":9,"featured_media":83492,"comment_status":"closed","ping_status":"closed","sticky":false,"template":"","format":"standard","meta":{"footnotes":""},"categories":[3],"tags":[],"class_list":["post-83491","post","type-post","status-publish","format-standard","has-post-thumbnail","hentry","category-internacionales"],"_links":{"self":[{"href":"https:\/\/sertv.gob.pa\/nacionalfm\/wp-json\/wp\/v2\/posts\/83491","targetHints":{"allow":["GET"]}}],"collection":[{"href":"https:\/\/sertv.gob.pa\/nacionalfm\/wp-json\/wp\/v2\/posts"}],"about":[{"href":"https:\/\/sertv.gob.pa\/nacionalfm\/wp-json\/wp\/v2\/types\/post"}],"author":[{"embeddable":true,"href":"https:\/\/sertv.gob.pa\/nacionalfm\/wp-json\/wp\/v2\/users\/9"}],"replies":[{"embeddable":true,"href":"https:\/\/sertv.gob.pa\/nacionalfm\/wp-json\/wp\/v2\/comments?post=83491"}],"version-history":[{"count":1,"href":"https:\/\/sertv.gob.pa\/nacionalfm\/wp-json\/wp\/v2\/posts\/83491\/revisions"}],"predecessor-version":[{"id":83493,"href":"https:\/\/sertv.gob.pa\/nacionalfm\/wp-json\/wp\/v2\/posts\/83491\/revisions\/83493"}],"wp:featuredmedia":[{"embeddable":true,"href":"https:\/\/sertv.gob.pa\/nacionalfm\/wp-json\/wp\/v2\/media\/83492"}],"wp:attachment":[{"href":"https:\/\/sertv.gob.pa\/nacionalfm\/wp-json\/wp\/v2\/media?parent=83491"}],"wp:term":[{"taxonomy":"category","embeddable":true,"href":"https:\/\/sertv.gob.pa\/nacionalfm\/wp-json\/wp\/v2\/categories?post=83491"},{"taxonomy":"post_tag","embeddable":true,"href":"https:\/\/sertv.gob.pa\/nacionalfm\/wp-json\/wp\/v2\/tags?post=83491"}],"curies":[{"name":"wp","href":"https:\/\/api.w.org\/{rel}","templated":true}]}}