{"id":83623,"date":"2022-06-17T19:12:10","date_gmt":"2022-06-17T19:12:10","guid":{"rendered":"https:\/\/sertv.gob.pa\/nacionalfm\/?p=83623"},"modified":"2022-06-17T19:12:10","modified_gmt":"2022-06-17T19:12:10","slug":"el-gobierno-de-peru-prorroga-el-estado-de-emergencia-en-lima-y-callao","status":"publish","type":"post","link":"https:\/\/sertv.gob.pa\/nacionalfm\/el-gobierno-de-peru-prorroga-el-estado-de-emergencia-en-lima-y-callao\/","title":{"rendered":"El Gobierno de Per\u00fa prorroga el estado de emergencia en Lima y Callao"},"content":{"rendered":"<p><strong><em>MADRID, (EUROPA PRESS) &#8211;<\/em><\/strong><\/p>\n<p>&nbsp;<\/p>\n<p>El Gobierno de Per\u00fa ha anunciado este viernes una nueva pr\u00f3rroga de 45 d\u00edas del estado de emergencia aplicado en Lima y Callao a mediados de febrero para combatir una ola de violencia y cr\u00edmenes en la zona.<\/p>\n<p>El Ejecutivo ha publicado un Decreto Supremo en el diario oficial &#8216;El Peruano&#8217; donde especifica que la ampliaci\u00f3n de la medida de emergencia entrar\u00e1 en vigor a partir del s\u00e1bado.<\/p>\n<p>La norma dispone que la Polic\u00eda Nacional, con el apoyo de las Fuerzas Armadas, se encarga del mantenimiento del orden interno en las jurisdicciones correspondientes.<\/p>\n<p>Esta nueva pr\u00f3rroga implica que se mantiene la suspensi\u00f3n de derechos constitucionales como el de la inviolabilidad de domicilio, la libertad de tr\u00e1nsito y la de reuni\u00f3n, as\u00ed como la libertad y seguridad personales.<\/p>\n<p>&nbsp;<\/p>\n<p>Fuente: EUROPA PRESS<\/p>\n<p>&nbsp;<\/p>\n","protected":false},"excerpt":{"rendered":"<p>MADRID, (EUROPA PRESS) &#8211; &nbsp; El Gobierno de Per\u00fa ha <a href=\"https:\/\/sertv.gob.pa\/nacionalfm\/el-gobierno-de-peru-prorroga-el-estado-de-emergencia-en-lima-y-callao\/\"> [&#8230;]<\/a><\/p>\n","protected":false},"author":9,"featured_media":83624,"comment_status":"closed","ping_status":"closed","sticky":false,"template":"","format":"standard","meta":{"footnotes":""},"categories":[3],"tags":[],"class_list":["post-83623","post","type-post","status-publish","format-standard","has-post-thumbnail","hentry","category-internacionales"],"_links":{"self":[{"href":"https:\/\/sertv.gob.pa\/nacionalfm\/wp-json\/wp\/v2\/posts\/83623","targetHints":{"allow":["GET"]}}],"collection":[{"href":"https:\/\/sertv.gob.pa\/nacionalfm\/wp-json\/wp\/v2\/posts"}],"about":[{"href":"https:\/\/sertv.gob.pa\/nacionalfm\/wp-json\/wp\/v2\/types\/post"}],"author":[{"embeddable":true,"href":"https:\/\/sertv.gob.pa\/nacionalfm\/wp-json\/wp\/v2\/users\/9"}],"replies":[{"embeddable":true,"href":"https:\/\/sertv.gob.pa\/nacionalfm\/wp-json\/wp\/v2\/comments?post=83623"}],"version-history":[{"count":1,"href":"https:\/\/sertv.gob.pa\/nacionalfm\/wp-json\/wp\/v2\/posts\/83623\/revisions"}],"predecessor-version":[{"id":83625,"href":"https:\/\/sertv.gob.pa\/nacionalfm\/wp-json\/wp\/v2\/posts\/83623\/revisions\/83625"}],"wp:featuredmedia":[{"embeddable":true,"href":"https:\/\/sertv.gob.pa\/nacionalfm\/wp-json\/wp\/v2\/media\/83624"}],"wp:attachment":[{"href":"https:\/\/sertv.gob.pa\/nacionalfm\/wp-json\/wp\/v2\/media?parent=83623"}],"wp:term":[{"taxonomy":"category","embeddable":true,"href":"https:\/\/sertv.gob.pa\/nacionalfm\/wp-json\/wp\/v2\/categories?post=83623"},{"taxonomy":"post_tag","embeddable":true,"href":"https:\/\/sertv.gob.pa\/nacionalfm\/wp-json\/wp\/v2\/tags?post=83623"}],"curies":[{"name":"wp","href":"https:\/\/api.w.org\/{rel}","templated":true}]}}