{"id":8363,"date":"2015-10-23T18:37:58","date_gmt":"2015-10-23T18:37:58","guid":{"rendered":""},"modified":"2015-10-23T18:37:58","modified_gmt":"2015-10-23T18:37:58","slug":"eu-lanza-alerta-por-riesgos-con-farmaco-contra-hepatitis-c","status":"publish","type":"post","link":"https:\/\/sertv.gob.pa\/nacionalfm\/eu-lanza-alerta-por-riesgos-con-farmaco-contra-hepatitis-c\/","title":{"rendered":"EU lanza alerta por riesgos con f\u00e1rmaco contra hepatitis C"},"content":{"rendered":"<p>\nLa Agencia estadounidense de medicamentos (FDA) advirti\u00f3 \u00a0contra los riesgos graves, incluso de muerte, provocados por dos medicamentos contra la hepatitis C de los laboratorios estadounidenses AbbVie. <\/p>\n<p>Abbvie ha identificado casos de insuficiencia hep\u00e1tica en pacientes con cirrosis que se trataron con \u00abViekira Pak\u00bb y \u00abTechnivie\u00bb, expres\u00f3 la Food and Drug Administration (FDA, Administraci\u00f3n de Alimentos y Medicamentos), en su sitio web. <\/p>\n<p>Algunos de estos casos requirieron un trasplante de h\u00edgado o han sido mortales. Los casos m\u00e1s graves se observaron principalmente en pacientes tratados con Viekira Pak, dijo la FDA. <\/p>\n<p>As\u00ed, la agencia federal exigi\u00f3 a la Abbvie a fijar etiquetas de advertencia sobre los graves peligros para el h\u00edgado en que se incurre ingiriendo estos f\u00e1rmacos para tratar la hepatitis C, una infecci\u00f3n del h\u00edgado cr\u00f3nica. <\/p>\n<p>Desde que la FDA dio luz verde para la venta del Viekira Pak en diciembre de 2014 y en julio pasado de Technivie, se registraron al menos 26 casos en el mundo de problemas graves relacionados con esos medicamentos. <\/p>\n<p>\u00a0 <\/p>\n","protected":false},"excerpt":{"rendered":"<p>La Agencia estadounidense de medicamentos (FDA) advirti\u00f3 \u00a0contra los riesgos <a href=\"https:\/\/sertv.gob.pa\/nacionalfm\/eu-lanza-alerta-por-riesgos-con-farmaco-contra-hepatitis-c\/\"> [&#8230;]<\/a><\/p>\n","protected":false},"author":1,"featured_media":8364,"comment_status":"closed","ping_status":"closed","sticky":false,"template":"","format":"standard","meta":{"footnotes":""},"categories":[5],"tags":[],"class_list":["post-8363","post","type-post","status-publish","format-standard","has-post-thumbnail","hentry","category-salud"],"_links":{"self":[{"href":"https:\/\/sertv.gob.pa\/nacionalfm\/wp-json\/wp\/v2\/posts\/8363","targetHints":{"allow":["GET"]}}],"collection":[{"href":"https:\/\/sertv.gob.pa\/nacionalfm\/wp-json\/wp\/v2\/posts"}],"about":[{"href":"https:\/\/sertv.gob.pa\/nacionalfm\/wp-json\/wp\/v2\/types\/post"}],"author":[{"embeddable":true,"href":"https:\/\/sertv.gob.pa\/nacionalfm\/wp-json\/wp\/v2\/users\/1"}],"replies":[{"embeddable":true,"href":"https:\/\/sertv.gob.pa\/nacionalfm\/wp-json\/wp\/v2\/comments?post=8363"}],"version-history":[{"count":0,"href":"https:\/\/sertv.gob.pa\/nacionalfm\/wp-json\/wp\/v2\/posts\/8363\/revisions"}],"wp:featuredmedia":[{"embeddable":true,"href":"https:\/\/sertv.gob.pa\/nacionalfm\/wp-json\/wp\/v2\/media\/8364"}],"wp:attachment":[{"href":"https:\/\/sertv.gob.pa\/nacionalfm\/wp-json\/wp\/v2\/media?parent=8363"}],"wp:term":[{"taxonomy":"category","embeddable":true,"href":"https:\/\/sertv.gob.pa\/nacionalfm\/wp-json\/wp\/v2\/categories?post=8363"},{"taxonomy":"post_tag","embeddable":true,"href":"https:\/\/sertv.gob.pa\/nacionalfm\/wp-json\/wp\/v2\/tags?post=8363"}],"curies":[{"name":"wp","href":"https:\/\/api.w.org\/{rel}","templated":true}]}}