{"id":83668,"date":"2022-06-20T19:30:37","date_gmt":"2022-06-20T19:30:37","guid":{"rendered":"https:\/\/sertv.gob.pa\/nacionalfm\/?p=83668"},"modified":"2022-06-20T19:30:37","modified_gmt":"2022-06-20T19:30:37","slug":"el-eln-anuncia-su-intencion-de-avanzar-en-un-proceso-de-paz-siempre-que-petro-no-haga-mas-de-lo-mismo","status":"publish","type":"post","link":"https:\/\/sertv.gob.pa\/nacionalfm\/el-eln-anuncia-su-intencion-de-avanzar-en-un-proceso-de-paz-siempre-que-petro-no-haga-mas-de-lo-mismo\/","title":{"rendered":"El ELN anuncia su intenci\u00f3n de \u00abavanzar\u00bb en un proceso de paz siempre que Petro no haga \u00abm\u00e1s de lo mismo\u00bb"},"content":{"rendered":"<p><strong><em>MADRID, (EUROPA PRESS) &#8211;<\/em><\/strong><\/p>\n<p>&nbsp;<\/p>\n<p>La guerrilla del Ej\u00e9rcito de Liberaci\u00f3n Nacional (ELN) ha reaccionado este lunes a la victoria de Gustavo Petro en las elecciones de Colombia celebradas este domingo, declarando su intenci\u00f3n de \u00abavanzar\u00bb en un proceso de paz siempre que el primer presidente de izquierdas del pa\u00eds no caiga en \u00abm\u00e1s de lo mismo\u00bb.<\/p>\n<p>\u00abEl ELN mantiene activo su sistema de lucha y resistencia pol\u00edtica y militar, pero tambi\u00e9n su plena disposici\u00f3n para avanzar en un proceso de paz que d\u00e9 continuidad a las mesa de conversaciones iniciada en Quito en febrero de 2017\u00bb, ha se\u00f1alado la guerrilla en un comunicado en referencia aquel proceso que tuvo su g\u00e9nesis durante la \u00faltima etapa del gobierno del expresidente Juan Manuel Santos.<\/p>\n<p>El ELN ha se\u00f1alado que cualquier tipo de di\u00e1logo est\u00e1 sujeto a la puesta en marcha de algunas de las promesas que ha hecho Petro durante la campa\u00f1a, como la reforma agraria, un nuevo plan de lucha contra las drogas, la implementaci\u00f3n de los acuerdos de paz, o combatir el sistema clientelar que existe en el Congreso.<\/p>\n<p>As\u00ed, sostiene la guerrilla que si el nuevo presidente lleva a cabo esos cambios, \u00abColombia tendr\u00e1 un gobierno respaldado por el movimiento popular, pero si se instala para hacer &#8216;m\u00e1s de lo mismo&#8217; tendr\u00e1 al pueblo en las calles reclamando cambios con m\u00e1s vehemencia que en 2019 y 2021\u00bb.<\/p>\n<p>A su vez, se\u00f1ala que \u00aburge consensuar un modelo de transici\u00f3n energ\u00e9tica para disminuir el cambio clim\u00e1tico, as\u00ed como prevenir los da\u00f1os que causar\u00e1 el agotamiento de las reservas de hidrocarburos y garantizar que Colombia no pierda su \u00absoberan\u00eda energ\u00e9tica\u00bb.<\/p>\n<p>El ELN defiende que el Estado contin\u00fae siendo due\u00f1o mayoritario de la petrolera Ecopetrol y al igual que ha estado sosteniendo Petro durante la campa\u00f1a, hay que establecer un modelo econ\u00f3mico que no se centre en la extracci\u00f3n de minerales.<\/p>\n<p>Por otro lado, ha remarcado la necesidad de sustituir los cultivos il\u00edcitos en Colombia como un mecanismo necesario \u00abpara poner fin al narcotr\u00e1fico\u00bb, ya que \u00absus ganancias provienen principalmente de la comercializaci\u00f3n internacional, el lavado de narcodinero, del negocio de los insumos y de los laboratorios de procesamiento\u00bb.<\/p>\n<p>\u00abLa fracasada guerra contra las drogas despu\u00e9s de 50 a\u00f1os de desastres exige una pol\u00edtica alternativa consensuada con los pa\u00edses consumidores\u00bb, ha defendido el ELN, que ha pedido opciones para quienes se vieron obligados a recurrir a estos cultivos por culpa de la globalizaci\u00f3n neoliberal y las contrarreformas de la oligarqu\u00eda que arrebataron \u00abm\u00e1s de 8 millones de hect\u00e1reas\u00bb a los trabajadores del campo.<\/p>\n<p>En su tercer intento por llegar a Casa de Nari\u00f1o, Gustavo Petro ha hecho historia al convertirse en el primer presidente de izquierdas que tendr\u00e1 Colombia tras imponerse con el 50,44 por ciento de los votos &#8211;m\u00e1s de 11,2 millones&#8211; al candidato ultraderechista Rodolfo Hern\u00e1ndez.<\/p>\n<p>&nbsp;<\/p>\n<p>Fuente: EUROPA PRESS<\/p>\n","protected":false},"excerpt":{"rendered":"<p>MADRID, (EUROPA PRESS) &#8211; &nbsp; La guerrilla del Ej\u00e9rcito de <a href=\"https:\/\/sertv.gob.pa\/nacionalfm\/el-eln-anuncia-su-intencion-de-avanzar-en-un-proceso-de-paz-siempre-que-petro-no-haga-mas-de-lo-mismo\/\"> [&#8230;]<\/a><\/p>\n","protected":false},"author":9,"featured_media":83669,"comment_status":"closed","ping_status":"closed","sticky":false,"template":"","format":"standard","meta":{"footnotes":""},"categories":[3],"tags":[],"class_list":["post-83668","post","type-post","status-publish","format-standard","has-post-thumbnail","hentry","category-internacionales"],"_links":{"self":[{"href":"https:\/\/sertv.gob.pa\/nacionalfm\/wp-json\/wp\/v2\/posts\/83668","targetHints":{"allow":["GET"]}}],"collection":[{"href":"https:\/\/sertv.gob.pa\/nacionalfm\/wp-json\/wp\/v2\/posts"}],"about":[{"href":"https:\/\/sertv.gob.pa\/nacionalfm\/wp-json\/wp\/v2\/types\/post"}],"author":[{"embeddable":true,"href":"https:\/\/sertv.gob.pa\/nacionalfm\/wp-json\/wp\/v2\/users\/9"}],"replies":[{"embeddable":true,"href":"https:\/\/sertv.gob.pa\/nacionalfm\/wp-json\/wp\/v2\/comments?post=83668"}],"version-history":[{"count":1,"href":"https:\/\/sertv.gob.pa\/nacionalfm\/wp-json\/wp\/v2\/posts\/83668\/revisions"}],"predecessor-version":[{"id":83671,"href":"https:\/\/sertv.gob.pa\/nacionalfm\/wp-json\/wp\/v2\/posts\/83668\/revisions\/83671"}],"wp:featuredmedia":[{"embeddable":true,"href":"https:\/\/sertv.gob.pa\/nacionalfm\/wp-json\/wp\/v2\/media\/83669"}],"wp:attachment":[{"href":"https:\/\/sertv.gob.pa\/nacionalfm\/wp-json\/wp\/v2\/media?parent=83668"}],"wp:term":[{"taxonomy":"category","embeddable":true,"href":"https:\/\/sertv.gob.pa\/nacionalfm\/wp-json\/wp\/v2\/categories?post=83668"},{"taxonomy":"post_tag","embeddable":true,"href":"https:\/\/sertv.gob.pa\/nacionalfm\/wp-json\/wp\/v2\/tags?post=83668"}],"curies":[{"name":"wp","href":"https:\/\/api.w.org\/{rel}","templated":true}]}}