{"id":83672,"date":"2022-06-20T19:46:34","date_gmt":"2022-06-20T19:46:34","guid":{"rendered":"https:\/\/sertv.gob.pa\/nacionalfm\/?p=83672"},"modified":"2022-06-20T19:46:34","modified_gmt":"2022-06-20T19:46:34","slug":"guterres-insta-a-unirse-en-solidaridad-ante-los-100-millones-de-refugiados-en-todo-el-mundo","status":"publish","type":"post","link":"https:\/\/sertv.gob.pa\/nacionalfm\/guterres-insta-a-unirse-en-solidaridad-ante-los-100-millones-de-refugiados-en-todo-el-mundo\/","title":{"rendered":"Guterres insta a \u00abunirse en solidaridad\u00bb ante los 100 millones de refugiados en todo el mundo"},"content":{"rendered":"<p><strong><em>MADRID, (EUROPA PRESS) &#8211;<\/em><\/strong><\/p>\n<p>&nbsp;<\/p>\n<p>El secretario general de la ONU, Ant\u00f3nio Guterres, ha dicho, en el D\u00eda Mundial del Refugiado, que el n\u00famero total de personas desplazadas por la fuerza ha alcanzado los 100 millones, un fen\u00f3meno que ha calificado de \u00absombr\u00edo\u00bb y ante el que ha pedido \u00abunirse en solidaridad\u00bb.<\/p>\n<p>\u00abHoy en d\u00eda, la proporci\u00f3n de refugiados en la poblaci\u00f3n mundial est\u00e1 en su punto m\u00e1s alto. La guerra en Ucrania ha causado el mayor y m\u00e1s r\u00e1pido desplazamiento de poblaci\u00f3n en Europa desde la Segunda Guerra Mundial\u00bb, ha advertido.<\/p>\n<p>En este sentido, ha dicho que \u00abel derecho a solicitar asilo es un derecho humano fundamental\u00bb. \u00abLas personas que escapan de la violencia o la persecuci\u00f3n deben poder cruzar las fronteras de manera segura\u00bb, ha agregado.<\/p>\n<p>Por ello, Guterres ha se\u00f1alado que estas personas \u00abno deben enfrentar discriminaci\u00f3n en las fronteras ni se les debe negar injustamente el estatus de refugiado o asilo debido a su raza, religi\u00f3n, g\u00e9nero o pa\u00eds de origen\u00bb.<\/p>\n<p>\u00abLa protecci\u00f3n de los refugiados es nuestra responsabilidad com\u00fan. Hoy, compromet\u00e1monos a hacer m\u00e1s por los refugiados de todo el mundo, y por los pa\u00edses que los acogen, ya que ellos mismos enfrentan innumerables desaf\u00edos\u00bb, ha pedido.<\/p>\n<p>Por su parte, el Alto Comisionado de Naciones Unidas para los Refugiados, Filippo Grandi, indic\u00f3 este domingo en un comunicado, por el D\u00eda Mundial de los Refugiados, que \u00abel d\u00e9ficit de soluciones contin\u00faa creciendo a medida que m\u00e1s personas se ven obligadas a huir de las que pueden regresar a sus hogares\u00bb.<\/p>\n<p>Esas 100 millones de personas proceden de pa\u00edses como Etiop\u00eda, Burkina Faso, Birmabia, Nigeria, Afganist\u00e1n y la Rep\u00fablica Democr\u00e1tica del Congo, as\u00ed como Ucrania debido al reciente conflicto con Rusia, que ha obligado a miles de personas a huir hacia otros pa\u00edses europeos.<\/p>\n<p>\u00abEl D\u00eda Mundial del Refugiado, hago un llamamiento a los Estados para que miren a pa\u00edses como Costa de Marfil, que reconocen que detener la guerra y el conflicto es el mejor y \u00fanico ant\u00eddoto contra el desplazamiento forzado\u00bb, ha dicho Grandi desde el pa\u00eds, al que ha acudido en una visita oficial.<\/p>\n<p>\u00abEl mundo tiene una opci\u00f3n: unirse para revertir la tendencia de persecuci\u00f3n, violencia y guerra, o aceptar que el legado del siglo XXI es uno de desplazamiento forzado continuo. Todos sabemos qu\u00e9 es lo correcto, e inteligente, que hacer\u00bb, ha zanjado.<\/p>\n<p>&nbsp;<\/p>\n<p>Fuente: EUROPA PRESS<\/p>\n<p>&nbsp;<\/p>\n","protected":false},"excerpt":{"rendered":"<p>MADRID, (EUROPA PRESS) &#8211; &nbsp; El secretario general de la <a href=\"https:\/\/sertv.gob.pa\/nacionalfm\/guterres-insta-a-unirse-en-solidaridad-ante-los-100-millones-de-refugiados-en-todo-el-mundo\/\"> [&#8230;]<\/a><\/p>\n","protected":false},"author":9,"featured_media":45853,"comment_status":"closed","ping_status":"closed","sticky":false,"template":"","format":"standard","meta":{"footnotes":""},"categories":[3],"tags":[],"class_list":["post-83672","post","type-post","status-publish","format-standard","has-post-thumbnail","hentry","category-internacionales"],"_links":{"self":[{"href":"https:\/\/sertv.gob.pa\/nacionalfm\/wp-json\/wp\/v2\/posts\/83672","targetHints":{"allow":["GET"]}}],"collection":[{"href":"https:\/\/sertv.gob.pa\/nacionalfm\/wp-json\/wp\/v2\/posts"}],"about":[{"href":"https:\/\/sertv.gob.pa\/nacionalfm\/wp-json\/wp\/v2\/types\/post"}],"author":[{"embeddable":true,"href":"https:\/\/sertv.gob.pa\/nacionalfm\/wp-json\/wp\/v2\/users\/9"}],"replies":[{"embeddable":true,"href":"https:\/\/sertv.gob.pa\/nacionalfm\/wp-json\/wp\/v2\/comments?post=83672"}],"version-history":[{"count":1,"href":"https:\/\/sertv.gob.pa\/nacionalfm\/wp-json\/wp\/v2\/posts\/83672\/revisions"}],"predecessor-version":[{"id":83673,"href":"https:\/\/sertv.gob.pa\/nacionalfm\/wp-json\/wp\/v2\/posts\/83672\/revisions\/83673"}],"wp:featuredmedia":[{"embeddable":true,"href":"https:\/\/sertv.gob.pa\/nacionalfm\/wp-json\/wp\/v2\/media\/45853"}],"wp:attachment":[{"href":"https:\/\/sertv.gob.pa\/nacionalfm\/wp-json\/wp\/v2\/media?parent=83672"}],"wp:term":[{"taxonomy":"category","embeddable":true,"href":"https:\/\/sertv.gob.pa\/nacionalfm\/wp-json\/wp\/v2\/categories?post=83672"},{"taxonomy":"post_tag","embeddable":true,"href":"https:\/\/sertv.gob.pa\/nacionalfm\/wp-json\/wp\/v2\/tags?post=83672"}],"curies":[{"name":"wp","href":"https:\/\/api.w.org\/{rel}","templated":true}]}}