{"id":83719,"date":"2022-06-21T18:36:29","date_gmt":"2022-06-21T18:36:29","guid":{"rendered":"https:\/\/sertv.gob.pa\/nacionalfm\/?p=83719"},"modified":"2022-06-21T18:36:29","modified_gmt":"2022-06-21T18:36:29","slug":"zelenski-reitera-que-despues-de-ucrania-el-objetivo-de-rusia-sera-el-resto-de-antiguas-republicas-sovieticas","status":"publish","type":"post","link":"https:\/\/sertv.gob.pa\/nacionalfm\/zelenski-reitera-que-despues-de-ucrania-el-objetivo-de-rusia-sera-el-resto-de-antiguas-republicas-sovieticas\/","title":{"rendered":"Zelenski reitera que despu\u00e9s de Ucrania el objetivo de Rusia ser\u00e1 el resto de antiguas rep\u00fablicas sovi\u00e9ticas"},"content":{"rendered":"<p><strong><em>MADRID, (EUROPA PRESS) &#8211;<\/em><\/strong><\/p>\n<p>&nbsp;<\/p>\n<p>El presidente de Ucrania, Volodimir Zelenski, ha advertido una vez m\u00e1s, de que despu\u00e9s de tomar su pa\u00eds, el objetivo de Rusia, ser\u00e1 el dominio del resto de antiguas rep\u00fablicas sovi\u00e9ticas.<\/p>\n<p>\u00abLa Federaci\u00f3n Rusa no se detendr\u00e1 en nuestro territorio (&#8230;) Si nuestro Estado no resiste tal presi\u00f3n, las (antiguas) rep\u00fablicas (sovi\u00e9ticas) pueden estar bajo la amenaza de un ataque por parte de Rusia\u00bb, ha se\u00f1alado Zelenski.<\/p>\n<p>En rueda de prensa tras un encuentro con el primer ministro de Luxemburgo, Xavier Bettel, Zelenski, ha apuntado que el presidente ruso, Vladimir Putin, considera el antiguo territorio de la Uni\u00f3n Sovi\u00e9tica como parte de la actual Rusia, seg\u00fan recoge la agencia ucraniana UNIAN.<\/p>\n<p>El presidente Putin \u00a0declar\u00f3 la guerra en Ucrania el 24 de febrero, apenas unos d\u00edas despu\u00e9s de reconocer la independencia de Donetsk y Lugansk, dos territorios ubicados en la regi\u00f3n ucraniana del Donb\u00e1s y en conflicto desde el a\u00f1o 2014.<\/p>\n<p>&nbsp;<\/p>\n<p>Fuente: EUROPA PRESS<\/p>\n","protected":false},"excerpt":{"rendered":"<p>MADRID, (EUROPA PRESS) &#8211; &nbsp; El presidente de Ucrania, Volodimir <a href=\"https:\/\/sertv.gob.pa\/nacionalfm\/zelenski-reitera-que-despues-de-ucrania-el-objetivo-de-rusia-sera-el-resto-de-antiguas-republicas-sovieticas\/\"> [&#8230;]<\/a><\/p>\n","protected":false},"author":9,"featured_media":83720,"comment_status":"closed","ping_status":"closed","sticky":false,"template":"","format":"standard","meta":{"footnotes":""},"categories":[3],"tags":[],"class_list":["post-83719","post","type-post","status-publish","format-standard","has-post-thumbnail","hentry","category-internacionales"],"_links":{"self":[{"href":"https:\/\/sertv.gob.pa\/nacionalfm\/wp-json\/wp\/v2\/posts\/83719","targetHints":{"allow":["GET"]}}],"collection":[{"href":"https:\/\/sertv.gob.pa\/nacionalfm\/wp-json\/wp\/v2\/posts"}],"about":[{"href":"https:\/\/sertv.gob.pa\/nacionalfm\/wp-json\/wp\/v2\/types\/post"}],"author":[{"embeddable":true,"href":"https:\/\/sertv.gob.pa\/nacionalfm\/wp-json\/wp\/v2\/users\/9"}],"replies":[{"embeddable":true,"href":"https:\/\/sertv.gob.pa\/nacionalfm\/wp-json\/wp\/v2\/comments?post=83719"}],"version-history":[{"count":1,"href":"https:\/\/sertv.gob.pa\/nacionalfm\/wp-json\/wp\/v2\/posts\/83719\/revisions"}],"predecessor-version":[{"id":83721,"href":"https:\/\/sertv.gob.pa\/nacionalfm\/wp-json\/wp\/v2\/posts\/83719\/revisions\/83721"}],"wp:featuredmedia":[{"embeddable":true,"href":"https:\/\/sertv.gob.pa\/nacionalfm\/wp-json\/wp\/v2\/media\/83720"}],"wp:attachment":[{"href":"https:\/\/sertv.gob.pa\/nacionalfm\/wp-json\/wp\/v2\/media?parent=83719"}],"wp:term":[{"taxonomy":"category","embeddable":true,"href":"https:\/\/sertv.gob.pa\/nacionalfm\/wp-json\/wp\/v2\/categories?post=83719"},{"taxonomy":"post_tag","embeddable":true,"href":"https:\/\/sertv.gob.pa\/nacionalfm\/wp-json\/wp\/v2\/tags?post=83719"}],"curies":[{"name":"wp","href":"https:\/\/api.w.org\/{rel}","templated":true}]}}