{"id":83780,"date":"2022-06-22T18:57:09","date_gmt":"2022-06-22T18:57:09","guid":{"rendered":"https:\/\/sertv.gob.pa\/nacionalfm\/?p=83780"},"modified":"2022-06-22T18:57:09","modified_gmt":"2022-06-22T18:57:09","slug":"autoridades-del-mici-y-propanama-sostuvieron-reunion-de-trabajo","status":"publish","type":"post","link":"https:\/\/sertv.gob.pa\/nacionalfm\/autoridades-del-mici-y-propanama-sostuvieron-reunion-de-trabajo\/","title":{"rendered":"Autoridades del MICI y PROPANAM\u00c1 sostuvieron reuni\u00f3n de trabajo"},"content":{"rendered":"<p><strong><em>&#8211;\u00a0El ministro de Comercio e Industrias, Federico Alfaro Boyd reiter\u00f3 durante una reuni\u00f3n en la Autoridad PROPANAM\u00c1 que continuar\u00e1n trabajando en equipo para que el mundo pueda ver las ventajas que ofrece nuestro pa\u00eds.<\/em><\/strong><\/p>\n<p>&nbsp;<\/p>\n<p>&nbsp;<\/p>\n<p>Con el prop\u00f3sito de dar seguimiento a los proyectos que lleva adelante la Autoridad para la Atracci\u00f3n de Inversiones y Promoci\u00f3n de Exportaciones (PROPANAM\u00c1), el ministro de Comercio e Industrias y actual presidente de la Junta Directiva, Federico Alfaro Boyd, particip\u00f3 el lunes, 20 de junio, de una reuni\u00f3n con la embajadora y administradora general de dicha Autoridad, Carmen Gisela Vergara.<\/p>\n<p>En este encuentro, el ministro Alfaro Boyd, quien estuvo acompa\u00f1ado del viceministro de Comercio Exterior, Juan Carlos Sosa, se actualiz\u00f3 sobre los logros alcanzados por la entidad en el primer semestre de 2022.<\/p>\n<p>\u201cAl presidir la junta directiva de PROPANAM\u00c1, estamos comprometidos en trabajar en equipo para que el mundo pueda ver las ventajas que ofrece nuestro pa\u00eds en materia de inversi\u00f3n, comercio y turismo\u201d, indic\u00f3 el jefe de la cartera de Comercio e Industrias.<\/p>\n<p>Desde su creaci\u00f3n, la Autoridad PROPANAM\u00c1, contribuye al cumplimiento de los objetivos planteados por el gobierno del Presidente Laurentino Cortizo Cohen, en materia de atracci\u00f3n de inversiones e impulso a la exportaci\u00f3n.<\/p>\n<p>&nbsp;<\/p>\n<p>Fuente: MICI<\/p>\n","protected":false},"excerpt":{"rendered":"<p>&#8211;\u00a0El ministro de Comercio e Industrias, Federico Alfaro Boyd reiter\u00f3 <a href=\"https:\/\/sertv.gob.pa\/nacionalfm\/autoridades-del-mici-y-propanama-sostuvieron-reunion-de-trabajo\/\"> [&#8230;]<\/a><\/p>\n","protected":false},"author":9,"featured_media":83781,"comment_status":"closed","ping_status":"closed","sticky":false,"template":"","format":"standard","meta":{"footnotes":""},"categories":[2],"tags":[],"class_list":["post-83780","post","type-post","status-publish","format-standard","has-post-thumbnail","hentry","category-nacionales"],"_links":{"self":[{"href":"https:\/\/sertv.gob.pa\/nacionalfm\/wp-json\/wp\/v2\/posts\/83780","targetHints":{"allow":["GET"]}}],"collection":[{"href":"https:\/\/sertv.gob.pa\/nacionalfm\/wp-json\/wp\/v2\/posts"}],"about":[{"href":"https:\/\/sertv.gob.pa\/nacionalfm\/wp-json\/wp\/v2\/types\/post"}],"author":[{"embeddable":true,"href":"https:\/\/sertv.gob.pa\/nacionalfm\/wp-json\/wp\/v2\/users\/9"}],"replies":[{"embeddable":true,"href":"https:\/\/sertv.gob.pa\/nacionalfm\/wp-json\/wp\/v2\/comments?post=83780"}],"version-history":[{"count":1,"href":"https:\/\/sertv.gob.pa\/nacionalfm\/wp-json\/wp\/v2\/posts\/83780\/revisions"}],"predecessor-version":[{"id":83783,"href":"https:\/\/sertv.gob.pa\/nacionalfm\/wp-json\/wp\/v2\/posts\/83780\/revisions\/83783"}],"wp:featuredmedia":[{"embeddable":true,"href":"https:\/\/sertv.gob.pa\/nacionalfm\/wp-json\/wp\/v2\/media\/83781"}],"wp:attachment":[{"href":"https:\/\/sertv.gob.pa\/nacionalfm\/wp-json\/wp\/v2\/media?parent=83780"}],"wp:term":[{"taxonomy":"category","embeddable":true,"href":"https:\/\/sertv.gob.pa\/nacionalfm\/wp-json\/wp\/v2\/categories?post=83780"},{"taxonomy":"post_tag","embeddable":true,"href":"https:\/\/sertv.gob.pa\/nacionalfm\/wp-json\/wp\/v2\/tags?post=83780"}],"curies":[{"name":"wp","href":"https:\/\/api.w.org\/{rel}","templated":true}]}}