{"id":83784,"date":"2022-06-22T19:17:27","date_gmt":"2022-06-22T19:17:27","guid":{"rendered":"https:\/\/sertv.gob.pa\/nacionalfm\/?p=83784"},"modified":"2022-06-22T19:17:27","modified_gmt":"2022-06-22T19:17:27","slug":"el-aita-mari-con-112-personas-rescatadas-desembarcara-en-el-puerto-de-agusta-en-sicilia","status":"publish","type":"post","link":"https:\/\/sertv.gob.pa\/nacionalfm\/el-aita-mari-con-112-personas-rescatadas-desembarcara-en-el-puerto-de-agusta-en-sicilia\/","title":{"rendered":"El &#8216;Aita Mari&#8217;, con 112 personas rescatadas, desembarcar\u00e1 en el puerto de Agusta, en Sicilia"},"content":{"rendered":"<p><strong><em>SAN SEBASTI\u00c1N, (EUROPA PRESS) &#8211;<\/em><\/strong><\/p>\n<p>&nbsp;<\/p>\n<p>El buque de rescate &#8216;Aita Mari&#8217;, de la ONG Salvamento Mar\u00edtimo Humanitario (SMH), desembarcar\u00e1 en el puerto de Augusta, en la isla italiana de Sicilia (Italia) a las 112 personas que ha rescatado en los \u00faltimos d\u00edas en aguas del Mediterr\u00e1neo Central.<\/p>\n<p>El &#8216;Aita Mari&#8217; ha recibido permiso para desembarcar en el puerto de Augusta, al que prev\u00e9 llegar este jueves hacia las ocho de la ma\u00f1ana. La noticia ha sido recibida dentro del barco entre aplausos por las 112 personas rescatadas en los \u00faltimos d\u00edas en aguas del Mediterr\u00e1neo Central, algunas de las cuales llevaban ya ocho d\u00edas a bordo, seg\u00fan han informado desde SMH.<\/p>\n<p>En las \u00faltimas horas se estaban dando, seg\u00fan ha informado tambi\u00e9n la ONG y la propia tripulaci\u00f3n del &#8216;Aita Mari&#8217;, \u00abtensiones\u00bb a bordo, debido al \u00abestr\u00e9s y la dif\u00edcil convivencia en un espacio tan limitado\u00bb.<\/p>\n<p>El cuarto y hasta ahora \u00faltimo rescate de esta misi\u00f3n del &#8216;Aita Mari&#8217;, que parti\u00f3 el pasado 6 de junio de Palma de Mallorca hacia el Mediterr\u00e1neo Central, se produjo el pasado viernes cuando salv\u00f3 a 45 personas, que se sumaron a las once, 17 y 40 personas que hab\u00eda rescatado en otras tres operaciones previas, respectivamente.<\/p>\n<p>&nbsp;<\/p>\n<p>Fuente: EUROPA PRESS<\/p>\n","protected":false},"excerpt":{"rendered":"<p>SAN SEBASTI\u00c1N, (EUROPA PRESS) &#8211; &nbsp; El buque de rescate <a href=\"https:\/\/sertv.gob.pa\/nacionalfm\/el-aita-mari-con-112-personas-rescatadas-desembarcara-en-el-puerto-de-agusta-en-sicilia\/\"> [&#8230;]<\/a><\/p>\n","protected":false},"author":9,"featured_media":83785,"comment_status":"closed","ping_status":"closed","sticky":false,"template":"","format":"standard","meta":{"footnotes":""},"categories":[3],"tags":[],"class_list":["post-83784","post","type-post","status-publish","format-standard","has-post-thumbnail","hentry","category-internacionales"],"_links":{"self":[{"href":"https:\/\/sertv.gob.pa\/nacionalfm\/wp-json\/wp\/v2\/posts\/83784","targetHints":{"allow":["GET"]}}],"collection":[{"href":"https:\/\/sertv.gob.pa\/nacionalfm\/wp-json\/wp\/v2\/posts"}],"about":[{"href":"https:\/\/sertv.gob.pa\/nacionalfm\/wp-json\/wp\/v2\/types\/post"}],"author":[{"embeddable":true,"href":"https:\/\/sertv.gob.pa\/nacionalfm\/wp-json\/wp\/v2\/users\/9"}],"replies":[{"embeddable":true,"href":"https:\/\/sertv.gob.pa\/nacionalfm\/wp-json\/wp\/v2\/comments?post=83784"}],"version-history":[{"count":1,"href":"https:\/\/sertv.gob.pa\/nacionalfm\/wp-json\/wp\/v2\/posts\/83784\/revisions"}],"predecessor-version":[{"id":83787,"href":"https:\/\/sertv.gob.pa\/nacionalfm\/wp-json\/wp\/v2\/posts\/83784\/revisions\/83787"}],"wp:featuredmedia":[{"embeddable":true,"href":"https:\/\/sertv.gob.pa\/nacionalfm\/wp-json\/wp\/v2\/media\/83785"}],"wp:attachment":[{"href":"https:\/\/sertv.gob.pa\/nacionalfm\/wp-json\/wp\/v2\/media?parent=83784"}],"wp:term":[{"taxonomy":"category","embeddable":true,"href":"https:\/\/sertv.gob.pa\/nacionalfm\/wp-json\/wp\/v2\/categories?post=83784"},{"taxonomy":"post_tag","embeddable":true,"href":"https:\/\/sertv.gob.pa\/nacionalfm\/wp-json\/wp\/v2\/tags?post=83784"}],"curies":[{"name":"wp","href":"https:\/\/api.w.org\/{rel}","templated":true}]}}