{"id":83859,"date":"2022-06-23T17:56:48","date_gmt":"2022-06-23T17:56:48","guid":{"rendered":"https:\/\/sertv.gob.pa\/nacionalfm\/?p=83859"},"modified":"2022-06-23T17:56:48","modified_gmt":"2022-06-23T17:56:48","slug":"nike-abandona-completamente-el-mercado-ruso","status":"publish","type":"post","link":"https:\/\/sertv.gob.pa\/nacionalfm\/nike-abandona-completamente-el-mercado-ruso\/","title":{"rendered":"Nike abandona completamente el mercado ruso"},"content":{"rendered":"<p><strong><em>MADRID, (EUROPA PRESS) &#8211;<\/em><\/strong><\/p>\n<p>&nbsp;<\/p>\n<p>El fabricante estadounidense de ropa y material deportivo Nike ha anunciado su salida completa del mercado ruso, despu\u00e9s de que la multinacional anunciara el pasado mes de marzo la suspensi\u00f3n de sus actividades en el pa\u00eds en respuesta a la invasi\u00f3n de Ucrania.<\/p>\n<p>\u00abNike ha tomado la decisi\u00f3n de abandonar el mercado ruso\u00bb, ha confirmado un portavoz de la compa\u00f1\u00eda. \u00abNuestra prioridad es asegurarnos de apoyar completamente a nuestros empleados mientras reducimos nuestras operaciones de manera responsable en los pr\u00f3ximos meses\u00bb, ha a\u00f1adido.<\/p>\n<p>El pasado mes de marzo, la multinacional de Oreg\u00f3n decidi\u00f3 paralizar temporalmente la venta de sus productos en Rusia.<\/p>\n<p>Durante la conferencia con analistas para la presentaci\u00f3n el pasado mes de marzo de las cuentas del tercer trimestre fiscal de la empresa, el director financiero de Nike, Matthew Friend, destac\u00f3 que el volumen de negocio de la compa\u00f1\u00eda en Rusia y Ucrania representaba \u00abmenos del uno por ciento de los ingresos totales de la empresa\u00bb.<\/p>\n<p>&nbsp;<\/p>\n<p>Fuente: EUROPA PRESS<\/p>\n<p>&nbsp;<\/p>\n","protected":false},"excerpt":{"rendered":"<p>MADRID, (EUROPA PRESS) &#8211; &nbsp; El fabricante estadounidense de ropa <a href=\"https:\/\/sertv.gob.pa\/nacionalfm\/nike-abandona-completamente-el-mercado-ruso\/\"> [&#8230;]<\/a><\/p>\n","protected":false},"author":9,"featured_media":83860,"comment_status":"closed","ping_status":"closed","sticky":false,"template":"","format":"standard","meta":{"footnotes":""},"categories":[3],"tags":[],"class_list":["post-83859","post","type-post","status-publish","format-standard","has-post-thumbnail","hentry","category-internacionales"],"_links":{"self":[{"href":"https:\/\/sertv.gob.pa\/nacionalfm\/wp-json\/wp\/v2\/posts\/83859","targetHints":{"allow":["GET"]}}],"collection":[{"href":"https:\/\/sertv.gob.pa\/nacionalfm\/wp-json\/wp\/v2\/posts"}],"about":[{"href":"https:\/\/sertv.gob.pa\/nacionalfm\/wp-json\/wp\/v2\/types\/post"}],"author":[{"embeddable":true,"href":"https:\/\/sertv.gob.pa\/nacionalfm\/wp-json\/wp\/v2\/users\/9"}],"replies":[{"embeddable":true,"href":"https:\/\/sertv.gob.pa\/nacionalfm\/wp-json\/wp\/v2\/comments?post=83859"}],"version-history":[{"count":1,"href":"https:\/\/sertv.gob.pa\/nacionalfm\/wp-json\/wp\/v2\/posts\/83859\/revisions"}],"predecessor-version":[{"id":83861,"href":"https:\/\/sertv.gob.pa\/nacionalfm\/wp-json\/wp\/v2\/posts\/83859\/revisions\/83861"}],"wp:featuredmedia":[{"embeddable":true,"href":"https:\/\/sertv.gob.pa\/nacionalfm\/wp-json\/wp\/v2\/media\/83860"}],"wp:attachment":[{"href":"https:\/\/sertv.gob.pa\/nacionalfm\/wp-json\/wp\/v2\/media?parent=83859"}],"wp:term":[{"taxonomy":"category","embeddable":true,"href":"https:\/\/sertv.gob.pa\/nacionalfm\/wp-json\/wp\/v2\/categories?post=83859"},{"taxonomy":"post_tag","embeddable":true,"href":"https:\/\/sertv.gob.pa\/nacionalfm\/wp-json\/wp\/v2\/tags?post=83859"}],"curies":[{"name":"wp","href":"https:\/\/api.w.org\/{rel}","templated":true}]}}