{"id":83862,"date":"2022-06-23T18:21:22","date_gmt":"2022-06-23T18:21:22","guid":{"rendered":"https:\/\/sertv.gob.pa\/nacionalfm\/?p=83862"},"modified":"2022-06-23T18:21:22","modified_gmt":"2022-06-23T18:21:22","slug":"la-ue-anuncia-un-millon-de-euros-en-asistencia-humanitaria-para-los-afectados-del-terremoto-en-afganistan","status":"publish","type":"post","link":"https:\/\/sertv.gob.pa\/nacionalfm\/la-ue-anuncia-un-millon-de-euros-en-asistencia-humanitaria-para-los-afectados-del-terremoto-en-afganistan\/","title":{"rendered":"La UE anuncia un mill\u00f3n de euros en asistencia humanitaria para los afectados del terremoto en Afganist\u00e1n"},"content":{"rendered":"<p><strong><em>BRUSELAS, (EUROPA PRESS) &#8211;<\/em><\/strong><\/p>\n<p>&nbsp;<\/p>\n<p>La Uni\u00f3n Europea ha anunciado este jueves un mill\u00f3n de euros en asistencia humanitaria en respuesta al grave terremoto registrado en el este del pa\u00eds y cuyo balance de muertos supera el millar de personas.<\/p>\n<p>\u00abEn Afganist\u00e1n la devastadora crisis humanitaria se ve agravada por el mort\u00edfero terremoto. La UE moviliza de forma inicial un mill\u00f3n de euros en apoyo de emergencia\u00bb, ha confirmado el comisario de Gesti\u00f3n de Crisis, Janez Lenarcic.<\/p>\n<p>M\u00e1s de un millar de personas han muerto por el terremoto y el bloque europeo estima que otras 270.000 en las zonas afectadas necesitar\u00e1n ayuda de emergencia. \u00abLa UE est\u00e1 lista para aportar m\u00e1s asistencia\u00bb, ha indicado el comisario esloveno.<\/p>\n<p>El fuerte se\u00edsmo llega en un momento en el que Afganist\u00e1n sufre una de las peores crisis humanitarias, con importantes necesidades humanitarias, crisis alimentaria y un gran n\u00famero de desplazados.<\/p>\n<p>Un terremoto de magnitud 6,1 en la escala abierta de Richter registrado en la noche de este martes en la provincia afgana de Jost (este), cerca de la frontera con Pakist\u00e1n, ha dejado un balance de al menos un millar de muertos, seg\u00fan han confirmado las autoridades afganas.<\/p>\n<p>&nbsp;<\/p>\n<p>Fuente: EUROPA PRESS<\/p>\n","protected":false},"excerpt":{"rendered":"<p>BRUSELAS, (EUROPA PRESS) &#8211; &nbsp; La Uni\u00f3n Europea ha anunciado <a href=\"https:\/\/sertv.gob.pa\/nacionalfm\/la-ue-anuncia-un-millon-de-euros-en-asistencia-humanitaria-para-los-afectados-del-terremoto-en-afganistan\/\"> [&#8230;]<\/a><\/p>\n","protected":false},"author":9,"featured_media":83863,"comment_status":"closed","ping_status":"closed","sticky":false,"template":"","format":"standard","meta":{"footnotes":""},"categories":[3],"tags":[],"class_list":["post-83862","post","type-post","status-publish","format-standard","has-post-thumbnail","hentry","category-internacionales"],"_links":{"self":[{"href":"https:\/\/sertv.gob.pa\/nacionalfm\/wp-json\/wp\/v2\/posts\/83862","targetHints":{"allow":["GET"]}}],"collection":[{"href":"https:\/\/sertv.gob.pa\/nacionalfm\/wp-json\/wp\/v2\/posts"}],"about":[{"href":"https:\/\/sertv.gob.pa\/nacionalfm\/wp-json\/wp\/v2\/types\/post"}],"author":[{"embeddable":true,"href":"https:\/\/sertv.gob.pa\/nacionalfm\/wp-json\/wp\/v2\/users\/9"}],"replies":[{"embeddable":true,"href":"https:\/\/sertv.gob.pa\/nacionalfm\/wp-json\/wp\/v2\/comments?post=83862"}],"version-history":[{"count":1,"href":"https:\/\/sertv.gob.pa\/nacionalfm\/wp-json\/wp\/v2\/posts\/83862\/revisions"}],"predecessor-version":[{"id":83865,"href":"https:\/\/sertv.gob.pa\/nacionalfm\/wp-json\/wp\/v2\/posts\/83862\/revisions\/83865"}],"wp:featuredmedia":[{"embeddable":true,"href":"https:\/\/sertv.gob.pa\/nacionalfm\/wp-json\/wp\/v2\/media\/83863"}],"wp:attachment":[{"href":"https:\/\/sertv.gob.pa\/nacionalfm\/wp-json\/wp\/v2\/media?parent=83862"}],"wp:term":[{"taxonomy":"category","embeddable":true,"href":"https:\/\/sertv.gob.pa\/nacionalfm\/wp-json\/wp\/v2\/categories?post=83862"},{"taxonomy":"post_tag","embeddable":true,"href":"https:\/\/sertv.gob.pa\/nacionalfm\/wp-json\/wp\/v2\/tags?post=83862"}],"curies":[{"name":"wp","href":"https:\/\/api.w.org\/{rel}","templated":true}]}}