{"id":83923,"date":"2022-06-24T18:16:21","date_gmt":"2022-06-24T18:16:21","guid":{"rendered":"https:\/\/sertv.gob.pa\/nacionalfm\/?p=83923"},"modified":"2022-06-24T18:16:21","modified_gmt":"2022-06-24T18:16:21","slug":"nueve-paises-sudamericanos-se-alian-para-combatir-el-crimen-organizado-en-la-region","status":"publish","type":"post","link":"https:\/\/sertv.gob.pa\/nacionalfm\/nueve-paises-sudamericanos-se-alian-para-combatir-el-crimen-organizado-en-la-region\/","title":{"rendered":"Nueve pa\u00edses sudamericanos se al\u00edan para combatir el crimen organizado en la regi\u00f3n"},"content":{"rendered":"<p><strong><em>MADRID, (EUROPA PRESS) &#8211;<\/em><\/strong><\/p>\n<p>&nbsp;<\/p>\n<p>Bolivia, Colombia, Ecuador, Guyana, Paraguay, Per\u00fa, Surinam y Uruguay han firmado la Declaraci\u00f3n de Brasilia, impulsada por Brasil, mediante la cual se comprometen a tomar acciones encaminadas a prevenir y combatir el crimen organizado internacional en la regi\u00f3n.<\/p>\n<p>Seg\u00fan un comunicado emitido por el Ministerio de Justicia de Brasil, los gobiernos firmantes del acuerdo han situado como una prioridad la lucha contra la delincuencia transnacional, al ser un \u00abflagelo\u00bb que afecta a sus poblaciones y econom\u00edas.<\/p>\n<p>Los nueve pa\u00edses consideran que la cooperaci\u00f3n entre ellos es \u00abfundamental para el \u00e9xito de la lucha contra el crimen organizado\u00bb, con lo que se han comprometido a establecer una \u00abalianza estrat\u00e9gica\u00bb que deber\u00e1 ser implementada en cada pa\u00eds conforme a su propia legislaci\u00f3n.<\/p>\n<p>Mediante esta estrategia se implementar\u00e1n acciones concretas que empleen \u00abtodos los medios l\u00edcitos y leg\u00edtimos del Estado contra el crimen organizado\u00bb y se apunta al intercambio de informaci\u00f3n y la planificaci\u00f3n conjunta de operaciones entre los cuerpos de Polic\u00eda de cada pa\u00eds.<\/p>\n<p>\u00abEsta cooperaci\u00f3n regional tiene como objetivo comprender mejor la naturaleza del delito, sus causas y su impacto en la sociedad, incluyendo sus medios de financiamiento, proporcionando una lucha calificada contra el crimen organizado y la implementaci\u00f3n de estrategias conjuntas para fortalecer las acciones estatales a favor de nuestras sociedades\u00bb, ha se\u00f1alado el Ministerio de Justicia brasile\u00f1o.<\/p>\n<p>El acuerdo, finalmente, contempla la realizaci\u00f3n de reuniones ministeriales cada seis meses de forma alterna en cada uno de los pa\u00edses integrantes con el objetivo de \u00abaprobar y monitorear metas en el \u00e1mbito de la alianza estrat\u00e9gica\u00bb.<\/p>\n<p>&nbsp;<\/p>\n<p>Fuente: EUROPA PRESS<\/p>\n<p>&nbsp;<\/p>\n","protected":false},"excerpt":{"rendered":"<p>MADRID, (EUROPA PRESS) &#8211; &nbsp; Bolivia, Colombia, Ecuador, Guyana, Paraguay, <a href=\"https:\/\/sertv.gob.pa\/nacionalfm\/nueve-paises-sudamericanos-se-alian-para-combatir-el-crimen-organizado-en-la-region\/\"> [&#8230;]<\/a><\/p>\n","protected":false},"author":9,"featured_media":83924,"comment_status":"closed","ping_status":"closed","sticky":false,"template":"","format":"standard","meta":{"footnotes":""},"categories":[3],"tags":[],"class_list":["post-83923","post","type-post","status-publish","format-standard","has-post-thumbnail","hentry","category-internacionales"],"_links":{"self":[{"href":"https:\/\/sertv.gob.pa\/nacionalfm\/wp-json\/wp\/v2\/posts\/83923","targetHints":{"allow":["GET"]}}],"collection":[{"href":"https:\/\/sertv.gob.pa\/nacionalfm\/wp-json\/wp\/v2\/posts"}],"about":[{"href":"https:\/\/sertv.gob.pa\/nacionalfm\/wp-json\/wp\/v2\/types\/post"}],"author":[{"embeddable":true,"href":"https:\/\/sertv.gob.pa\/nacionalfm\/wp-json\/wp\/v2\/users\/9"}],"replies":[{"embeddable":true,"href":"https:\/\/sertv.gob.pa\/nacionalfm\/wp-json\/wp\/v2\/comments?post=83923"}],"version-history":[{"count":1,"href":"https:\/\/sertv.gob.pa\/nacionalfm\/wp-json\/wp\/v2\/posts\/83923\/revisions"}],"predecessor-version":[{"id":83925,"href":"https:\/\/sertv.gob.pa\/nacionalfm\/wp-json\/wp\/v2\/posts\/83923\/revisions\/83925"}],"wp:featuredmedia":[{"embeddable":true,"href":"https:\/\/sertv.gob.pa\/nacionalfm\/wp-json\/wp\/v2\/media\/83924"}],"wp:attachment":[{"href":"https:\/\/sertv.gob.pa\/nacionalfm\/wp-json\/wp\/v2\/media?parent=83923"}],"wp:term":[{"taxonomy":"category","embeddable":true,"href":"https:\/\/sertv.gob.pa\/nacionalfm\/wp-json\/wp\/v2\/categories?post=83923"},{"taxonomy":"post_tag","embeddable":true,"href":"https:\/\/sertv.gob.pa\/nacionalfm\/wp-json\/wp\/v2\/tags?post=83923"}],"curies":[{"name":"wp","href":"https:\/\/api.w.org\/{rel}","templated":true}]}}