{"id":84035,"date":"2022-06-28T19:14:38","date_gmt":"2022-06-28T19:14:38","guid":{"rendered":"https:\/\/sertv.gob.pa\/nacionalfm\/?p=84035"},"modified":"2022-06-28T19:14:38","modified_gmt":"2022-06-28T19:14:38","slug":"aumentan-a-50-los-migrantes-muertos-hallados-en-el-interior-de-un-camion-en-texas-ee-uu","status":"publish","type":"post","link":"https:\/\/sertv.gob.pa\/nacionalfm\/aumentan-a-50-los-migrantes-muertos-hallados-en-el-interior-de-un-camion-en-texas-ee-uu\/","title":{"rendered":"Aumentan a 50 los migrantes muertos hallados en el interior de un cami\u00f3n en Texas (EE.UU)"},"content":{"rendered":"<p>L\u00f3pez Obrador traslada su apoyo a las v\u00edctimas tras se\u00f1alar que 22 de los fallecidos son mexicanos<\/p>\n<p><strong><em>MADRID, (EUROPA PRESS) &#8211;<\/em><\/strong><\/p>\n<p>Al menos 50 migrantes han sido hallados muertos en el interior de un cami\u00f3n en la ciudad estadounidense de San Antonio, en el estado de Texas, despu\u00e9s de asfixiarse debido a la falta de ox\u00edgeno y a las altas temperaturas, seg\u00fan el \u00faltimo balance de las autoridades locales.<\/p>\n<p>El alcalde de la ciudad, Ron Nirenberg, ha calificado el hallazgo como \u00abterrible\u00bb y ha se\u00f1alado que se trata de una \u00abtragedia humana\u00bb. En total, otros 16 migrantes que tambi\u00e9n se encontraban a bordo del veh\u00edculo han tenido que ser trasladados a varios hospitales de la zona.<\/p>\n<p>\u00abParece que hab\u00edan sido v\u00edctimas de una operaci\u00f3n de tr\u00e1fico de personas (&#8230;) quiz\u00e1 llevaban all\u00ed un par de d\u00edas. No les hab\u00edan dado agua ni comida y obviamente estaban tratando de conseguir ayuda\u00bb, ha detallado el subjefe de la Polic\u00eda de San Antonio, Eric Hightower, en declaraciones recogidas por News 4 San Antonio.<\/p>\n<p>Al lugar se han trasladado varios efectivos de la Polic\u00eda, dotaciones de bomberos y ambulancias, mientras los agentes han puesto en marcha una operaci\u00f3n de b\u00fasqueda y captura para dar con el paradero del conductor del veh\u00edculo, que lo habr\u00eda abandonado a las afueras de la ciudad, seg\u00fan informaciones de la cadena ABC.<\/p>\n<p>El gobernador de Texas, Greg Abbott, ha culpado al presidente de Estados Unidos, Joe Biden, de haber provocado la muerte de los migrantes. \u00abEstas muertes pesan sobre Biden. Son el resultado de sus letales pol\u00edticas de fronteras abiertas. Muestran las consecuencias mortales de su negativa a hacer cumplir la ley\u00bb, ha asegurado Abbott en su cuenta de Twitter.<\/p>\n<p>Biden, sin embargo, ha condenado la \u00abtr\u00e1gica p\u00e9rdida de vidas\u00bb en San Antonio y ha expresado su apoyo a las v\u00edctimas y \u00absus seres queridos\u00bb, as\u00ed como \u00abaquellos que est\u00e1n luchando por sus vidas\u00bb.<\/p>\n<p>\u00abComo siembre, estamos agradecidos por el trabajo de los agentes a nivel estatal, federal y local que han llegado los primeros al lugar de los hechos\u00bb, ha aseverado, seg\u00fan ha recogido la Casa Blanca en un comunicado.<\/p>\n<p>En este sentido, ha aseverado que todo apunta a que \u00abla tragedia ha sido provocada por traficantes de personas que no tienen consideraci\u00f3n alguna por las vidas que ponen en peligro y explotan para sacar beneficio propio\u00bb.<\/p>\n<p>Adem\u00e1s, ha insistido en que este incidente \u00abpone de manifiesto la necesidad de acabar con la industria criminal en torno a la migraci\u00f3n, que deja demasiadas v\u00edctimas inocentes\u00bb.<\/p>\n<p>\u00abMi Administraci\u00f3n seguir\u00e1 haciendo todo lo posible para detener el tr\u00e1fico de personas y evitar que otros se beneficien de aquellos que buscan entrar en Estados Unidos\u00bb, ha zanjado.<\/p>\n<p>Por su parte, el presidente de M\u00e9xico, Manuel Andr\u00e9s L\u00f3pez Obrador, ha lamentado lo sucedido y ha trasladado su apoyo al Gobierno estadounidense y a las familias afectadas, al tiempo que ha dicho estar \u00abatento\u00bb a que se lleven a cabo las investigaciones correspondientes tras ser informado de que 22 de los fallecidos son mexicanos.<\/p>\n<p>\u00abQuiero expresar mi m\u00e1s sentido p\u00e9same a familiares de migrantes mexicanos, hondure\u00f1os y guatemaltecos que murieron asfixiados en un tr\u00e1iler. Es una tremenda desgracia, esto ocurri\u00f3 en San Antonio, Texas\u00bb, ha aseverado en su rueda de prensa diaria.<\/p>\n<p>As\u00ed, ha explicado que el c\u00f3nsul mexicano en San Antonio, Rub\u00e9n Minutti Zanatta, se encuentra en la zona \u00abdando apoyo a los afectados\u00bb. \u00abEstamos en contacto con las autoridades locales y a la espera del informe de las autoridades nacionales\u00bb, ha dicho el diplom\u00e1tico.<\/p>\n<p>Poco antes, el ministro de Exteriores mexicano, Marcelo Ebrard, ha indicado que en total son 50 los fallecidos, de los cuales 22 tienen nacionalidad mexicana, siete proceden de Guatemala y dos de Honduras. Adem\u00e1s, ha matizado que los cuerpos de otras 19 personas a\u00fan no han sido identificados.<\/p>\n<p>&nbsp;<\/p>\n<p>Fuente: EUROPA PRESS<\/p>\n<p>&nbsp;<\/p>\n","protected":false},"excerpt":{"rendered":"<p>L\u00f3pez Obrador traslada su apoyo a las v\u00edctimas tras se\u00f1alar <a href=\"https:\/\/sertv.gob.pa\/nacionalfm\/aumentan-a-50-los-migrantes-muertos-hallados-en-el-interior-de-un-camion-en-texas-ee-uu\/\"> [&#8230;]<\/a><\/p>\n","protected":false},"author":9,"featured_media":84036,"comment_status":"closed","ping_status":"closed","sticky":false,"template":"","format":"standard","meta":{"footnotes":""},"categories":[3],"tags":[],"class_list":["post-84035","post","type-post","status-publish","format-standard","has-post-thumbnail","hentry","category-internacionales"],"_links":{"self":[{"href":"https:\/\/sertv.gob.pa\/nacionalfm\/wp-json\/wp\/v2\/posts\/84035","targetHints":{"allow":["GET"]}}],"collection":[{"href":"https:\/\/sertv.gob.pa\/nacionalfm\/wp-json\/wp\/v2\/posts"}],"about":[{"href":"https:\/\/sertv.gob.pa\/nacionalfm\/wp-json\/wp\/v2\/types\/post"}],"author":[{"embeddable":true,"href":"https:\/\/sertv.gob.pa\/nacionalfm\/wp-json\/wp\/v2\/users\/9"}],"replies":[{"embeddable":true,"href":"https:\/\/sertv.gob.pa\/nacionalfm\/wp-json\/wp\/v2\/comments?post=84035"}],"version-history":[{"count":1,"href":"https:\/\/sertv.gob.pa\/nacionalfm\/wp-json\/wp\/v2\/posts\/84035\/revisions"}],"predecessor-version":[{"id":84037,"href":"https:\/\/sertv.gob.pa\/nacionalfm\/wp-json\/wp\/v2\/posts\/84035\/revisions\/84037"}],"wp:featuredmedia":[{"embeddable":true,"href":"https:\/\/sertv.gob.pa\/nacionalfm\/wp-json\/wp\/v2\/media\/84036"}],"wp:attachment":[{"href":"https:\/\/sertv.gob.pa\/nacionalfm\/wp-json\/wp\/v2\/media?parent=84035"}],"wp:term":[{"taxonomy":"category","embeddable":true,"href":"https:\/\/sertv.gob.pa\/nacionalfm\/wp-json\/wp\/v2\/categories?post=84035"},{"taxonomy":"post_tag","embeddable":true,"href":"https:\/\/sertv.gob.pa\/nacionalfm\/wp-json\/wp\/v2\/tags?post=84035"}],"curies":[{"name":"wp","href":"https:\/\/api.w.org\/{rel}","templated":true}]}}