{"id":84084,"date":"2022-06-29T19:57:07","date_gmt":"2022-06-29T19:57:07","guid":{"rendered":"https:\/\/sertv.gob.pa\/nacionalfm\/?p=84084"},"modified":"2022-06-29T19:57:07","modified_gmt":"2022-06-29T19:57:07","slug":"espana-registra-800-casos-confirmados-de-viruela-del-mono-al-menos-uno-de-ellos-en-un-menor-de-3-anos","status":"publish","type":"post","link":"https:\/\/sertv.gob.pa\/nacionalfm\/espana-registra-800-casos-confirmados-de-viruela-del-mono-al-menos-uno-de-ellos-en-un-menor-de-3-anos\/","title":{"rendered":"Espa\u00f1a registra 800 casos confirmados de viruela del mono, al menos uno de ellos en un menor de 3 a\u00f1os"},"content":{"rendered":"<p>&nbsp;<\/p>\n<p><strong><em>MADRID, (EUROPA PRESS) &#8211;<\/em><\/strong><\/p>\n<p>&nbsp;<\/p>\n<p>El Ministerio de Sanidad ha informado de que, seg\u00fan los datos de la Red Nacional de Vigilancia Epidemiol\u00f3gica (RENAVE), en Espa\u00f1a se han notificado un total de 800 casos, de los que destacan que 8 son mujeres, y que, al menos, hay un caso en un menor de 3 a\u00f1os.<\/p>\n<p>El informe, que recoge los datos registrados hasta el 27 de junio, muestra adem\u00e1s que el afectado de mayor edad tiene 67 a\u00f1os, y la mediana se encuentra en 37 a\u00f1os, aunque la mayor\u00eda de los afectados oscila entre los 31-44 a\u00f1os.<\/p>\n<p>De 273 casos de los que se dispone de informaci\u00f3n sobre el mecanismo de transmisi\u00f3n m\u00e1s probable, el 93,4 por ciento fue por contacto estrecho en el contexto de relaciones sexuales de alto riesgo y 6,6 por ciento por contacto estrecho no sexual.<\/p>\n<p>Se han caracterizado manifestaciones cl\u00ednicas en 406 casos. En ellos, al menos 24 casos han sido hospitalizados, y, seg\u00fan el informe, no se ha reportado ning\u00fan fallecido. Y un total de 25 pacientes de 406 (6,2%) presentaron complicaciones a lo largo de su proceso cl\u00ednico.<\/p>\n<p>Las m\u00e1s frecuentes fueron las infecciones bacterianas secundarias y las \u00falceras bucales. Se han caracterizado las manifestaciones cl\u00ednicas en 406 casos. La mayor\u00eda presentaron exantema anogenital (65,8%) y en otras localizaciones (53,9%), fiebre (55,9%), astenia (41,4%) y linfadenopat\u00edas localizadas (40,6%).<\/p>\n<p>Por otro lado, ya son 16 las comunidades aut\u00f3nomas que han informado de casos, siendo Madrid la que ha notificado m\u00e1s confirmaciones con 436 notificaciones; le sigue Catalu\u00f1a con 130 casos; Andaluc\u00eda con 105 casos, Canarias con 41 casos; Pa\u00eds Vasco con 20 casos, Baleares con 14 casos; Comunidad Valenciana con 12 casos, y Arag\u00f3n con 10 casos.<\/p>\n<p>Por debajo de los 10 casos, se encuentra Galicia con 7 casos; Asturias con 7 casos, Castilla-La Mancha con 6 casos; Navarra con 4 casos; Castilla y Le\u00f3n con 3 casos; Extremadura con 2 casos; Cantabria con 2 casos y Murcia con un caso.<\/p>\n<p>&nbsp;<\/p>\n<p>Fuente: EUROPA PRESS<\/p>\n","protected":false},"excerpt":{"rendered":"<p>&nbsp; MADRID, (EUROPA PRESS) &#8211; &nbsp; El Ministerio de Sanidad <a href=\"https:\/\/sertv.gob.pa\/nacionalfm\/espana-registra-800-casos-confirmados-de-viruela-del-mono-al-menos-uno-de-ellos-en-un-menor-de-3-anos\/\"> [&#8230;]<\/a><\/p>\n","protected":false},"author":9,"featured_media":84085,"comment_status":"closed","ping_status":"closed","sticky":false,"template":"","format":"standard","meta":{"footnotes":""},"categories":[3],"tags":[],"class_list":["post-84084","post","type-post","status-publish","format-standard","has-post-thumbnail","hentry","category-internacionales"],"_links":{"self":[{"href":"https:\/\/sertv.gob.pa\/nacionalfm\/wp-json\/wp\/v2\/posts\/84084","targetHints":{"allow":["GET"]}}],"collection":[{"href":"https:\/\/sertv.gob.pa\/nacionalfm\/wp-json\/wp\/v2\/posts"}],"about":[{"href":"https:\/\/sertv.gob.pa\/nacionalfm\/wp-json\/wp\/v2\/types\/post"}],"author":[{"embeddable":true,"href":"https:\/\/sertv.gob.pa\/nacionalfm\/wp-json\/wp\/v2\/users\/9"}],"replies":[{"embeddable":true,"href":"https:\/\/sertv.gob.pa\/nacionalfm\/wp-json\/wp\/v2\/comments?post=84084"}],"version-history":[{"count":1,"href":"https:\/\/sertv.gob.pa\/nacionalfm\/wp-json\/wp\/v2\/posts\/84084\/revisions"}],"predecessor-version":[{"id":84086,"href":"https:\/\/sertv.gob.pa\/nacionalfm\/wp-json\/wp\/v2\/posts\/84084\/revisions\/84086"}],"wp:featuredmedia":[{"embeddable":true,"href":"https:\/\/sertv.gob.pa\/nacionalfm\/wp-json\/wp\/v2\/media\/84085"}],"wp:attachment":[{"href":"https:\/\/sertv.gob.pa\/nacionalfm\/wp-json\/wp\/v2\/media?parent=84084"}],"wp:term":[{"taxonomy":"category","embeddable":true,"href":"https:\/\/sertv.gob.pa\/nacionalfm\/wp-json\/wp\/v2\/categories?post=84084"},{"taxonomy":"post_tag","embeddable":true,"href":"https:\/\/sertv.gob.pa\/nacionalfm\/wp-json\/wp\/v2\/tags?post=84084"}],"curies":[{"name":"wp","href":"https:\/\/api.w.org\/{rel}","templated":true}]}}