{"id":84153,"date":"2022-06-30T19:23:45","date_gmt":"2022-06-30T19:23:45","guid":{"rendered":"https:\/\/sertv.gob.pa\/nacionalfm\/?p=84153"},"modified":"2022-06-30T19:23:45","modified_gmt":"2022-06-30T19:23:45","slug":"biden-aboga-por-revertir-la-decision-del-supremo-de-eeuu-sobre-el-aborto-y-tilda-el-fallo-de-error","status":"publish","type":"post","link":"https:\/\/sertv.gob.pa\/nacionalfm\/biden-aboga-por-revertir-la-decision-del-supremo-de-eeuu-sobre-el-aborto-y-tilda-el-fallo-de-error\/","title":{"rendered":"Biden aboga por revertir la decisi\u00f3n del Supremo de EEUU sobre el aborto y tilda el fallo de \u00aberror\u00bb"},"content":{"rendered":"<p><strong><em>MADRID, (EUROPA PRESS) &#8211;<\/em><\/strong><\/p>\n<p>&nbsp;<\/p>\n<p>El presidente de Estados Unidos, Joe Biden, ha abogado este jueves por revertir el fallo del Tribunal Supremo de Estados Unidos que tumba el derecho al aborto sin restricciones durante el primer trimestre del embarazo, al tiempo que lo ha calificado de \u00aberror\u00bb.<\/p>\n<p>\u00abTenemos que cambiar la decisi\u00f3n del Supremo sobre el aborto\u00bb, ha se\u00f1alado Biden en rueda de prensa desde Madrid, despu\u00e9s de la Cumbre de la OTAN.<\/p>\n<p>Cuestionado sobre si alg\u00fan l\u00edder de los que han asistido a la cita en la capital espa\u00f1ola le ha preguntado sobre el asunto del aborto en Estados Unidos, el presidente ha se\u00f1alado que \u00abnadie\u00bb le ha dicho que el pa\u00eds norteamericano \u00abha retrocedido\u00bb, subrayando que la naci\u00f3n \u00abest\u00e1 en mejor posici\u00f3n que nunca para liderar el mundo\u00bb.<\/p>\n<p>\u00abSeguimos siendo l\u00edderes\u00bb, ha asegurado Biden, que ha incidido en que distintos l\u00edderes contin\u00faan d\u00e1ndole las gracias por el \u00abliderazgo\u00bb estadounidense.<\/p>\n<p>El Tribunal Supremo anul\u00f3 el viernes por un estrecho margen de 5 contra 4 votos la sentencia Roe contra Wade que reconoc\u00eda el aborto como un derecho a nivel federal, por lo que ahora cada estado podr\u00e1 legislar al respecto. Hasta once estados proh\u00edben ya o limitan dr\u00e1sticamente el aborto y once estados m\u00e1s tienen leyes que a\u00fan no est\u00e1n en vigor que hacen lo mismo.<\/p>\n<p>&nbsp;<\/p>\n<p>Fuente: EUROPA PRESS<\/p>\n<p>&nbsp;<\/p>\n","protected":false},"excerpt":{"rendered":"<p>MADRID, (EUROPA PRESS) &#8211; &nbsp; El presidente de Estados Unidos, <a href=\"https:\/\/sertv.gob.pa\/nacionalfm\/biden-aboga-por-revertir-la-decision-del-supremo-de-eeuu-sobre-el-aborto-y-tilda-el-fallo-de-error\/\"> [&#8230;]<\/a><\/p>\n","protected":false},"author":9,"featured_media":84154,"comment_status":"closed","ping_status":"closed","sticky":false,"template":"","format":"standard","meta":{"footnotes":""},"categories":[3],"tags":[],"class_list":["post-84153","post","type-post","status-publish","format-standard","has-post-thumbnail","hentry","category-internacionales"],"_links":{"self":[{"href":"https:\/\/sertv.gob.pa\/nacionalfm\/wp-json\/wp\/v2\/posts\/84153","targetHints":{"allow":["GET"]}}],"collection":[{"href":"https:\/\/sertv.gob.pa\/nacionalfm\/wp-json\/wp\/v2\/posts"}],"about":[{"href":"https:\/\/sertv.gob.pa\/nacionalfm\/wp-json\/wp\/v2\/types\/post"}],"author":[{"embeddable":true,"href":"https:\/\/sertv.gob.pa\/nacionalfm\/wp-json\/wp\/v2\/users\/9"}],"replies":[{"embeddable":true,"href":"https:\/\/sertv.gob.pa\/nacionalfm\/wp-json\/wp\/v2\/comments?post=84153"}],"version-history":[{"count":1,"href":"https:\/\/sertv.gob.pa\/nacionalfm\/wp-json\/wp\/v2\/posts\/84153\/revisions"}],"predecessor-version":[{"id":84155,"href":"https:\/\/sertv.gob.pa\/nacionalfm\/wp-json\/wp\/v2\/posts\/84153\/revisions\/84155"}],"wp:featuredmedia":[{"embeddable":true,"href":"https:\/\/sertv.gob.pa\/nacionalfm\/wp-json\/wp\/v2\/media\/84154"}],"wp:attachment":[{"href":"https:\/\/sertv.gob.pa\/nacionalfm\/wp-json\/wp\/v2\/media?parent=84153"}],"wp:term":[{"taxonomy":"category","embeddable":true,"href":"https:\/\/sertv.gob.pa\/nacionalfm\/wp-json\/wp\/v2\/categories?post=84153"},{"taxonomy":"post_tag","embeddable":true,"href":"https:\/\/sertv.gob.pa\/nacionalfm\/wp-json\/wp\/v2\/tags?post=84153"}],"curies":[{"name":"wp","href":"https:\/\/api.w.org\/{rel}","templated":true}]}}