{"id":84220,"date":"2022-07-01T20:14:37","date_gmt":"2022-07-01T20:14:37","guid":{"rendered":"https:\/\/sertv.gob.pa\/nacionalfm\/?p=84220"},"modified":"2022-07-01T20:14:37","modified_gmt":"2022-07-01T20:14:37","slug":"mueren-cuatro-personas-en-el-sur-de-argentina-tras-estrellarse-un-avion-segundos-despues-de-despegar","status":"publish","type":"post","link":"https:\/\/sertv.gob.pa\/nacionalfm\/mueren-cuatro-personas-en-el-sur-de-argentina-tras-estrellarse-un-avion-segundos-despues-de-despegar\/","title":{"rendered":"Mueren cuatro personas en el sur de Argentina tras estrellarse un avi\u00f3n segundos despu\u00e9s de despegar"},"content":{"rendered":"<p><strong><em>MADRID, (EUROPA PRESS) &#8211;<\/em><\/strong><\/p>\n<p>Cuatro personas han muerto al estrellarse el avi\u00f3n medicalizado en el que viajaban a los pocos segundos de despegar en el aeropuerto de la ciudad de R\u00edo Grande, en la provincia de Tierra del Fuego, Ant\u00e1rtida e Islas del Atl\u00e1ntico Sur.<\/p>\n<p>Entre las v\u00edctimas est\u00e1n los dos pilotos, un m\u00e9dico y un enfermero que hab\u00edan dejado un paciente, un menor, en la ciudad y hab\u00edan despegado con destino rumbo a Buenos Aires, detalla el diario &#8216;Clar\u00edn&#8217;.<\/p>\n<p>Seg\u00fan las primeras pesquisas sobre lo ocurrido, el avi\u00f3n perdi\u00f3 el control pocos segundos despu\u00e9s de despegar desde el Aeropuerto Internacional Gobernador Ram\u00f3n Trejo Noel y se golpe\u00f3 contra una empalizada.<\/p>\n<p>El plan de vuelo detalla que la aeronave siniestrada en la ciudad de Comodoro Rivadavia, en la provincia de Chubut, desde donde parti\u00f3 hacia R\u00edo Grande. En el momento del fat\u00eddico despegue, seg\u00fan los testigos, las condiciones climatol\u00f3gicas eran \u00f3ptimas y no se registraron fuertes vientos, ni niebla, como suele ser propio de la que es la regi\u00f3n m\u00e1s austral del pa\u00eds.<\/p>\n<p>El accidente recuerda a otro similar ocurrido en esa misma provincia en mayo de 1984, cuando una aeronave en la que viajaba el por entonces gobernador de la regi\u00f3n, Ram\u00f3n Alberto Trejo Noel &#8211;quien pone nombre al aeropuerto donde se ha producido esta \u00faltima tragedia&#8211;, se estrellaba matando a doce personas.<\/p>\n<p>&nbsp;<\/p>\n<p>Fuente: EUROPA PRESS<\/p>\n","protected":false},"excerpt":{"rendered":"<p>MADRID, (EUROPA PRESS) &#8211; Cuatro personas han muerto al estrellarse <a href=\"https:\/\/sertv.gob.pa\/nacionalfm\/mueren-cuatro-personas-en-el-sur-de-argentina-tras-estrellarse-un-avion-segundos-despues-de-despegar\/\"> [&#8230;]<\/a><\/p>\n","protected":false},"author":9,"featured_media":84221,"comment_status":"closed","ping_status":"closed","sticky":false,"template":"","format":"standard","meta":{"footnotes":""},"categories":[3],"tags":[],"class_list":["post-84220","post","type-post","status-publish","format-standard","has-post-thumbnail","hentry","category-internacionales"],"_links":{"self":[{"href":"https:\/\/sertv.gob.pa\/nacionalfm\/wp-json\/wp\/v2\/posts\/84220","targetHints":{"allow":["GET"]}}],"collection":[{"href":"https:\/\/sertv.gob.pa\/nacionalfm\/wp-json\/wp\/v2\/posts"}],"about":[{"href":"https:\/\/sertv.gob.pa\/nacionalfm\/wp-json\/wp\/v2\/types\/post"}],"author":[{"embeddable":true,"href":"https:\/\/sertv.gob.pa\/nacionalfm\/wp-json\/wp\/v2\/users\/9"}],"replies":[{"embeddable":true,"href":"https:\/\/sertv.gob.pa\/nacionalfm\/wp-json\/wp\/v2\/comments?post=84220"}],"version-history":[{"count":1,"href":"https:\/\/sertv.gob.pa\/nacionalfm\/wp-json\/wp\/v2\/posts\/84220\/revisions"}],"predecessor-version":[{"id":84222,"href":"https:\/\/sertv.gob.pa\/nacionalfm\/wp-json\/wp\/v2\/posts\/84220\/revisions\/84222"}],"wp:featuredmedia":[{"embeddable":true,"href":"https:\/\/sertv.gob.pa\/nacionalfm\/wp-json\/wp\/v2\/media\/84221"}],"wp:attachment":[{"href":"https:\/\/sertv.gob.pa\/nacionalfm\/wp-json\/wp\/v2\/media?parent=84220"}],"wp:term":[{"taxonomy":"category","embeddable":true,"href":"https:\/\/sertv.gob.pa\/nacionalfm\/wp-json\/wp\/v2\/categories?post=84220"},{"taxonomy":"post_tag","embeddable":true,"href":"https:\/\/sertv.gob.pa\/nacionalfm\/wp-json\/wp\/v2\/tags?post=84220"}],"curies":[{"name":"wp","href":"https:\/\/api.w.org\/{rel}","templated":true}]}}