{"id":84273,"date":"2022-07-04T20:40:23","date_gmt":"2022-07-04T20:40:23","guid":{"rendered":"https:\/\/sertv.gob.pa\/nacionalfm\/?p=84273"},"modified":"2022-07-04T20:40:23","modified_gmt":"2022-07-04T20:40:23","slug":"al-menos-seis-muertos-y-31-heridos-por-disparos-durante-un-desfile-del-4-de-julio-a-las-afueras-de-chicago","status":"publish","type":"post","link":"https:\/\/sertv.gob.pa\/nacionalfm\/al-menos-seis-muertos-y-31-heridos-por-disparos-durante-un-desfile-del-4-de-julio-a-las-afueras-de-chicago\/","title":{"rendered":"Al menos seis muertos y 31 heridos por disparos durante un desfile del 4 de Julio a las afueras de Chicago"},"content":{"rendered":"<p><strong><em>MADRID, (EUROPA PRESS) &#8211;<\/em><\/strong><\/p>\n<p>Al menos seis personas han muerto y 31 han resultado heridas por disparos durante el desfile del D\u00eda de la Independencia que se celebraba en la ciudad de Highland Park, a las afueras de Chicago, en el estado de Illionis, en el noreste de Estados Unidos. El tirador no ha sido localizado.<\/p>\n<p>\u00abEstamos ante un incidente activo. Se recomienda buscar refugio\u00bb, ha informado el Ayuntamiento de Highland Park. El propio ayuntamiento ha informado de seis muertos y 24 heridos en su \u00faltimo balance, pero Fox News asegura citando a las \u00abautoridades\u00bb que son 31 los heridos.<\/p>\n<p>\u00abLas fuerzas de seguridad est\u00e1n buscando al sospechoso. Se han recuperado pruebas de un arma de fuego. Un gran n\u00famero de agentes est\u00e1n trabajando ya y han asegurado un per\u00edmetro en el centro de Highland Park\u00bb, ha indicado el comunicado municipal.<\/p>\n<p>En concreto, hay en marcha una b\u00fasqueda \u00abpuerta por puerta\u00bb para localizar a un \u00abhombre blanco de entre 18 y 20 a\u00f1os de edad con pelo muy largo, de constituci\u00f3n peque\u00f1a y que lleva una camisa blanca o negra\u00bb.<\/p>\n<p>Los disparos contra el desfile al parecer proced\u00edan de un individuo apostado en una de las cubiertas de los edificios entre los que discurr\u00eda la celebraci\u00f3n del 4 de Julio.<\/p>\n<p>Seg\u00fan la emisora WBBM, apenas diez minutos despu\u00e9s del inicio del desfile se han escuchado hasta 20 detonaciones de arma de fuego. La Polic\u00eda y los Bomberos recibieron el primer aviso de un tirador activo sobre las 10.15 horas. Al llegar, los agentes confirmaron m\u00faltiples v\u00edctimas y se iniciaron maniobras de reanimaci\u00f3n cardiorrespiratoria con una de ellas.<\/p>\n<p>Un testigo ha asegurado que \u00abparec\u00eda una zona de guerra\u00bb. \u00abLa gente lloraba, gritaba y nadie sab\u00eda lo que estaba pasando\u00bb, ha relatado en declaraciones a la WBBM.<\/p>\n<p>Uno de los v\u00eddeos publicados en redes sociales muestra a los espectadores sentados en un bordillo tranquilamente cuando alguien grita \u00ab\u00a1Disparos!\u00bb y los componentes de una de las bandas del desfile comienza a correr hacia adelante y el resto de la gente tambi\u00e9n huye.<\/p>\n<p>Mientras, el congresista por Illinois Bob Morgan ha informado de la situaci\u00f3n en su cuenta de Twitter. \u00abPara quienes no lo sepan, ha habido disparos en el Desfile de Highland Park. Estoy bien, pero hay varios heridos. Por favor, alejaros de la zona, poneos a salvo y rezad por los heridos\u00bb, ha publicado Morgan.<\/p>\n<p>Las autoridades han pedido a la poblaci\u00f3n evitar la zona de la calle Green Bay y de la calle Central y cuando han transcurrido ya varias horas desde el inicio de los disparos todav\u00eda no hay noticia de ninguna detenci\u00f3n.<\/p>\n<p>&nbsp;<\/p>\n<p>Fuente: EUROPA PRESS<\/p>\n","protected":false},"excerpt":{"rendered":"<p>MADRID, (EUROPA PRESS) &#8211; Al menos seis personas han muerto <a href=\"https:\/\/sertv.gob.pa\/nacionalfm\/al-menos-seis-muertos-y-31-heridos-por-disparos-durante-un-desfile-del-4-de-julio-a-las-afueras-de-chicago\/\"> [&#8230;]<\/a><\/p>\n","protected":false},"author":9,"featured_media":84274,"comment_status":"closed","ping_status":"closed","sticky":false,"template":"","format":"standard","meta":{"footnotes":""},"categories":[3],"tags":[],"class_list":["post-84273","post","type-post","status-publish","format-standard","has-post-thumbnail","hentry","category-internacionales"],"_links":{"self":[{"href":"https:\/\/sertv.gob.pa\/nacionalfm\/wp-json\/wp\/v2\/posts\/84273","targetHints":{"allow":["GET"]}}],"collection":[{"href":"https:\/\/sertv.gob.pa\/nacionalfm\/wp-json\/wp\/v2\/posts"}],"about":[{"href":"https:\/\/sertv.gob.pa\/nacionalfm\/wp-json\/wp\/v2\/types\/post"}],"author":[{"embeddable":true,"href":"https:\/\/sertv.gob.pa\/nacionalfm\/wp-json\/wp\/v2\/users\/9"}],"replies":[{"embeddable":true,"href":"https:\/\/sertv.gob.pa\/nacionalfm\/wp-json\/wp\/v2\/comments?post=84273"}],"version-history":[{"count":1,"href":"https:\/\/sertv.gob.pa\/nacionalfm\/wp-json\/wp\/v2\/posts\/84273\/revisions"}],"predecessor-version":[{"id":84275,"href":"https:\/\/sertv.gob.pa\/nacionalfm\/wp-json\/wp\/v2\/posts\/84273\/revisions\/84275"}],"wp:featuredmedia":[{"embeddable":true,"href":"https:\/\/sertv.gob.pa\/nacionalfm\/wp-json\/wp\/v2\/media\/84274"}],"wp:attachment":[{"href":"https:\/\/sertv.gob.pa\/nacionalfm\/wp-json\/wp\/v2\/media?parent=84273"}],"wp:term":[{"taxonomy":"category","embeddable":true,"href":"https:\/\/sertv.gob.pa\/nacionalfm\/wp-json\/wp\/v2\/categories?post=84273"},{"taxonomy":"post_tag","embeddable":true,"href":"https:\/\/sertv.gob.pa\/nacionalfm\/wp-json\/wp\/v2\/tags?post=84273"}],"curies":[{"name":"wp","href":"https:\/\/api.w.org\/{rel}","templated":true}]}}