{"id":843,"date":"2014-08-07T05:00:00","date_gmt":"2014-08-07T05:00:00","guid":{"rendered":""},"modified":"2014-08-07T05:00:00","modified_gmt":"2014-08-07T05:00:00","slug":"san-miguelito-zona-con-mayor-presencia-de-criaderos-de-aedes-aegypti","status":"publish","type":"post","link":"https:\/\/sertv.gob.pa\/nacionalfm\/san-miguelito-zona-con-mayor-presencia-de-criaderos-de-aedes-aegypti\/","title":{"rendered":"San Miguelito,  zona con mayor presencia de criaderos de Aedes aegypti"},"content":{"rendered":"<p>\nGrimaldo C\u00f3rdoba,\u00a0jefe de Promoci\u00f3n de la Salud del Ministerio de Salud, revel\u00f3 que Panam\u00e1 Metro, Oeste, Este, distrito de San Miguelito, provincias de Col\u00f3n y Bocas del Toro son las \u00e1reas geogr\u00e1ficas con mayor incidencia por la presencia de los criaderos del mosquito Aedes aegypti, trasmisor del dengue. <\/p>\n<p>El m\u00e9dico manifest\u00f3 que en el caso particular del distrito de San Miguelito\u00a0 hay una alta presencia de criaderos del mosquito y por ende un n\u00famero positivo de casos de dengue. <\/p>\n<p>Puntualiz\u00f3 que los casos del virus o fiebre Chikungunya se han reporta oficialmente 16, de los cuales 15 de estos son importados y uno es aut\u00f3ctono. <\/p>\n<p>Inst\u00f3 a la poblaci\u00f3n a cooperar con la eliminaci\u00f3n de los criaderos y limpieza de su entorno para bajar la incidencia de estas enfermedades.\u00a0 @crisolfm<br \/>\n\u00a0 <\/p>\n<p>\u00a0 <\/p>\n","protected":false},"excerpt":{"rendered":"<p>Grimaldo C\u00f3rdoba,\u00a0jefe de Promoci\u00f3n de la Salud del Ministerio de <a href=\"https:\/\/sertv.gob.pa\/nacionalfm\/san-miguelito-zona-con-mayor-presencia-de-criaderos-de-aedes-aegypti\/\"> [&#8230;]<\/a><\/p>\n","protected":false},"author":1,"featured_media":844,"comment_status":"closed","ping_status":"closed","sticky":false,"template":"","format":"standard","meta":{"footnotes":""},"categories":[5],"tags":[],"class_list":["post-843","post","type-post","status-publish","format-standard","has-post-thumbnail","hentry","category-salud"],"_links":{"self":[{"href":"https:\/\/sertv.gob.pa\/nacionalfm\/wp-json\/wp\/v2\/posts\/843","targetHints":{"allow":["GET"]}}],"collection":[{"href":"https:\/\/sertv.gob.pa\/nacionalfm\/wp-json\/wp\/v2\/posts"}],"about":[{"href":"https:\/\/sertv.gob.pa\/nacionalfm\/wp-json\/wp\/v2\/types\/post"}],"author":[{"embeddable":true,"href":"https:\/\/sertv.gob.pa\/nacionalfm\/wp-json\/wp\/v2\/users\/1"}],"replies":[{"embeddable":true,"href":"https:\/\/sertv.gob.pa\/nacionalfm\/wp-json\/wp\/v2\/comments?post=843"}],"version-history":[{"count":0,"href":"https:\/\/sertv.gob.pa\/nacionalfm\/wp-json\/wp\/v2\/posts\/843\/revisions"}],"wp:featuredmedia":[{"embeddable":true,"href":"https:\/\/sertv.gob.pa\/nacionalfm\/wp-json\/wp\/v2\/media\/844"}],"wp:attachment":[{"href":"https:\/\/sertv.gob.pa\/nacionalfm\/wp-json\/wp\/v2\/media?parent=843"}],"wp:term":[{"taxonomy":"category","embeddable":true,"href":"https:\/\/sertv.gob.pa\/nacionalfm\/wp-json\/wp\/v2\/categories?post=843"},{"taxonomy":"post_tag","embeddable":true,"href":"https:\/\/sertv.gob.pa\/nacionalfm\/wp-json\/wp\/v2\/tags?post=843"}],"curies":[{"name":"wp","href":"https:\/\/api.w.org\/{rel}","templated":true}]}}