{"id":84317,"date":"2022-07-05T17:51:26","date_gmt":"2022-07-05T17:51:26","guid":{"rendered":"https:\/\/sertv.gob.pa\/nacionalfm\/?p=84317"},"modified":"2022-07-05T17:51:26","modified_gmt":"2022-07-05T17:51:26","slug":"el-papa-lamenta-la-muerte-del-cardenal-hummes-inspirador-de-su-nombre-llevo-en-mi-memoria-sus-palabras","status":"publish","type":"post","link":"https:\/\/sertv.gob.pa\/nacionalfm\/el-papa-lamenta-la-muerte-del-cardenal-hummes-inspirador-de-su-nombre-llevo-en-mi-memoria-sus-palabras\/","title":{"rendered":"El Papa lamenta la muerte del cardenal Hummes, inspirador de su nombre: \u00abLlevo en mi memoria sus palabras\u00bb"},"content":{"rendered":"<p><strong><em>ROMA, (EUROPA PRESS) &#8211;<\/em><\/strong><\/p>\n<p>&nbsp;<\/p>\n<p>El Papa Francisco ha enviado un telegrama de p\u00e9same por la muerte del cardenal y arzobispo em\u00e9rito de la ciudad brasile\u00f1a de Sao Paulo, Claudio Hummes, inspirador de su nombre. \u00abLlevo siempre vivas en mi memoria las palabras que me dijo don Cl\u00e1udio, el 13 de marzo de 2013, pidi\u00e9ndome que no me olvidara de los pobres\u00bb, ha se\u00f1alado.<\/p>\n<p>El Pont\u00edfice ha alabado tambi\u00e9n su el \u00abdedicado y celoso servicio a la Iglesia\u00bb del purpurado, arzobispo em\u00e9rito de S\u00e3o Paulo y prefecto em\u00e9rito de la Congregaci\u00f3n para el Clero, que falleci\u00f3 este lunes, 4 de julio, a la edad de 87 a\u00f1os tras una larga enfermedad a consecuencia de un c\u00e1ncer de pulm\u00f3n.<\/p>\n<p>En un telegrama hecho p\u00fablico por la Oficina de Prensa del Vaticano, Francisco ha recordado a su \u00abquerido hermano\u00bb y ha elogiado su compromiso eclesi\u00e1stico tanto en Brasil como en la Curia Romana, as\u00ed como con la Iglesia en la Amazonia. De este modo, ha manifestado su \u00abprofundo dolor\u00bb por la noticia.<\/p>\n<p>&nbsp;<\/p>\n<p>Fuente: EUROPA PRESS<\/p>\n","protected":false},"excerpt":{"rendered":"<p>ROMA, (EUROPA PRESS) &#8211; &nbsp; El Papa Francisco ha enviado <a href=\"https:\/\/sertv.gob.pa\/nacionalfm\/el-papa-lamenta-la-muerte-del-cardenal-hummes-inspirador-de-su-nombre-llevo-en-mi-memoria-sus-palabras\/\"> [&#8230;]<\/a><\/p>\n","protected":false},"author":9,"featured_media":72196,"comment_status":"closed","ping_status":"closed","sticky":false,"template":"","format":"standard","meta":{"footnotes":""},"categories":[3],"tags":[],"class_list":["post-84317","post","type-post","status-publish","format-standard","has-post-thumbnail","hentry","category-internacionales"],"_links":{"self":[{"href":"https:\/\/sertv.gob.pa\/nacionalfm\/wp-json\/wp\/v2\/posts\/84317","targetHints":{"allow":["GET"]}}],"collection":[{"href":"https:\/\/sertv.gob.pa\/nacionalfm\/wp-json\/wp\/v2\/posts"}],"about":[{"href":"https:\/\/sertv.gob.pa\/nacionalfm\/wp-json\/wp\/v2\/types\/post"}],"author":[{"embeddable":true,"href":"https:\/\/sertv.gob.pa\/nacionalfm\/wp-json\/wp\/v2\/users\/9"}],"replies":[{"embeddable":true,"href":"https:\/\/sertv.gob.pa\/nacionalfm\/wp-json\/wp\/v2\/comments?post=84317"}],"version-history":[{"count":1,"href":"https:\/\/sertv.gob.pa\/nacionalfm\/wp-json\/wp\/v2\/posts\/84317\/revisions"}],"predecessor-version":[{"id":84319,"href":"https:\/\/sertv.gob.pa\/nacionalfm\/wp-json\/wp\/v2\/posts\/84317\/revisions\/84319"}],"wp:featuredmedia":[{"embeddable":true,"href":"https:\/\/sertv.gob.pa\/nacionalfm\/wp-json\/wp\/v2\/media\/72196"}],"wp:attachment":[{"href":"https:\/\/sertv.gob.pa\/nacionalfm\/wp-json\/wp\/v2\/media?parent=84317"}],"wp:term":[{"taxonomy":"category","embeddable":true,"href":"https:\/\/sertv.gob.pa\/nacionalfm\/wp-json\/wp\/v2\/categories?post=84317"},{"taxonomy":"post_tag","embeddable":true,"href":"https:\/\/sertv.gob.pa\/nacionalfm\/wp-json\/wp\/v2\/tags?post=84317"}],"curies":[{"name":"wp","href":"https:\/\/api.w.org\/{rel}","templated":true}]}}