{"id":84383,"date":"2022-07-06T20:00:13","date_gmt":"2022-07-06T20:00:13","guid":{"rendered":"https:\/\/sertv.gob.pa\/nacionalfm\/?p=84383"},"modified":"2022-07-06T20:00:13","modified_gmt":"2022-07-06T20:00:13","slug":"cruz-roja-distribuye-ayuda-por-segunda-vez-en-la-ciudad-ucraniana-de-mariupol","status":"publish","type":"post","link":"https:\/\/sertv.gob.pa\/nacionalfm\/cruz-roja-distribuye-ayuda-por-segunda-vez-en-la-ciudad-ucraniana-de-mariupol\/","title":{"rendered":"Cruz Roja distribuye ayuda por segunda vez en la ciudad ucraniana de Mari\u00fapol"},"content":{"rendered":"<p><strong><em>MADRID, (EUROPA PRESS) &#8211;<\/em><\/strong><\/p>\n<p>&nbsp;<\/p>\n<p>El asesor de la Alcald\u00eda de la ciudad ucraniana de Mari\u00fapol, Petro Andriushenko, ha informado este mi\u00e9rcoles de que Cruz Roja est\u00e1 distribuyendo un segundo paquete de ayuda entre la poblaci\u00f3n afectada por la invasi\u00f3n rusa del territorio.<\/p>\n<p>La distribuci\u00f3n, que ha sido facilitada por el Ministerio del Interior de Ucrania, est\u00e1 siendo distribuida especialmente en la zona oriental de la localidad, si bien por el momento no hay indicios de que la instituci\u00f3n humanitaria vuelva a asistir a la poblaci\u00f3n pr\u00f3ximamente.<\/p>\n<p>\u00abEsta es una oportunidad adicional para sobrevivir. Utilizadla. Cuidad de vuestra familia y amigos. Porque Mari\u00fapol es la gente, y la principal cuesti\u00f3n para aquellos que han sido secuestrados por los rusos es la idea de volver a Ucrania\u00bb, ha aseverado en un mensaje de Telegram.<\/p>\n<p>As\u00ed, ha explicado que se han facilitado varios n\u00fameros de tel\u00e9fono para que la poblaci\u00f3n obtenga informaci\u00f3n sobre el punto de distribuci\u00f3n.<\/p>\n<p>El recrudecimiento de las hostilidades entre las fuerzas ucranianas y el Ej\u00e9rcito de Rusia en el este de Ucrania han situado a ciudades como Mari\u00fapol, ocupada parcialmente por fuerzas rusas, al borde de sufrir una epidemia de c\u00f3lera, as\u00ed como brotes de otras enfermedades como la disenter\u00eda.<\/p>\n<p>La Organizaci\u00f3n Mundial de la Salud (OMS) ha se\u00f1alado que la situaci\u00f3n sanitaria en Mari\u00fapol es especialmente alarmante debido a la ausencia de agua potable y material sanitario en el sur de la localidad.<\/p>\n<p>Las autoridades ucranianas estiman que miles de personas, incluidos ni\u00f1os, han muerto en Mari\u00fapol, mientras que m\u00e1s de un millar de militares ucranianos han sido capturados en la ciudad y transferidos a Rusia.<\/p>\n<p>&nbsp;<\/p>\n","protected":false},"excerpt":{"rendered":"<p>MADRID, (EUROPA PRESS) &#8211; &nbsp; El asesor de la Alcald\u00eda <a href=\"https:\/\/sertv.gob.pa\/nacionalfm\/cruz-roja-distribuye-ayuda-por-segunda-vez-en-la-ciudad-ucraniana-de-mariupol\/\"> [&#8230;]<\/a><\/p>\n","protected":false},"author":9,"featured_media":84384,"comment_status":"closed","ping_status":"closed","sticky":false,"template":"","format":"standard","meta":{"footnotes":""},"categories":[3],"tags":[],"class_list":["post-84383","post","type-post","status-publish","format-standard","has-post-thumbnail","hentry","category-internacionales"],"_links":{"self":[{"href":"https:\/\/sertv.gob.pa\/nacionalfm\/wp-json\/wp\/v2\/posts\/84383","targetHints":{"allow":["GET"]}}],"collection":[{"href":"https:\/\/sertv.gob.pa\/nacionalfm\/wp-json\/wp\/v2\/posts"}],"about":[{"href":"https:\/\/sertv.gob.pa\/nacionalfm\/wp-json\/wp\/v2\/types\/post"}],"author":[{"embeddable":true,"href":"https:\/\/sertv.gob.pa\/nacionalfm\/wp-json\/wp\/v2\/users\/9"}],"replies":[{"embeddable":true,"href":"https:\/\/sertv.gob.pa\/nacionalfm\/wp-json\/wp\/v2\/comments?post=84383"}],"version-history":[{"count":1,"href":"https:\/\/sertv.gob.pa\/nacionalfm\/wp-json\/wp\/v2\/posts\/84383\/revisions"}],"predecessor-version":[{"id":84386,"href":"https:\/\/sertv.gob.pa\/nacionalfm\/wp-json\/wp\/v2\/posts\/84383\/revisions\/84386"}],"wp:featuredmedia":[{"embeddable":true,"href":"https:\/\/sertv.gob.pa\/nacionalfm\/wp-json\/wp\/v2\/media\/84384"}],"wp:attachment":[{"href":"https:\/\/sertv.gob.pa\/nacionalfm\/wp-json\/wp\/v2\/media?parent=84383"}],"wp:term":[{"taxonomy":"category","embeddable":true,"href":"https:\/\/sertv.gob.pa\/nacionalfm\/wp-json\/wp\/v2\/categories?post=84383"},{"taxonomy":"post_tag","embeddable":true,"href":"https:\/\/sertv.gob.pa\/nacionalfm\/wp-json\/wp\/v2\/tags?post=84383"}],"curies":[{"name":"wp","href":"https:\/\/api.w.org\/{rel}","templated":true}]}}