{"id":84387,"date":"2022-07-06T20:16:36","date_gmt":"2022-07-06T20:16:36","guid":{"rendered":"https:\/\/sertv.gob.pa\/nacionalfm\/?p=84387"},"modified":"2022-07-06T20:16:36","modified_gmt":"2022-07-06T20:16:36","slug":"el-sospechoso-del-tiroteo-a-las-afueras-de-chicago-planeo-otro-ataque-en-wisconsin-durante-su-huida","status":"publish","type":"post","link":"https:\/\/sertv.gob.pa\/nacionalfm\/el-sospechoso-del-tiroteo-a-las-afueras-de-chicago-planeo-otro-ataque-en-wisconsin-durante-su-huida\/","title":{"rendered":"El sospechoso del tiroteo a las afueras de Chicago plane\u00f3 otro ataque en Wisconsin durante su huida"},"content":{"rendered":"<p><strong><em>MADRID, (EUROPA PRESS) &#8211;<\/em><\/strong><\/p>\n<p>&nbsp;<\/p>\n<p>Las autoridades de Estados Unidos han informado de que Robert E. Crimo, presunto autor del tiroteo en Highland Park, a las afueras de Chicago, durante el desfile por el D\u00eda de la Independencia que dej\u00f3 siete muertos, plane\u00f3 otro ataque en la ciudad de Madison, estado de Wisconsin, cuando hu\u00eda de la escena del crimen.<\/p>\n<p>Seg\u00fan un comunicado de las autoridades publicado este mi\u00e9rcoles, cuando conduc\u00eda su coche huyendo de Highland Park, Crimo \u00abcontempl\u00f3 otro ataque\u00bb cuando se cruz\u00f3 con otra celebraci\u00f3n en la localidad de Madison, a unos cien kil\u00f3metros, seg\u00fan recoge la cadena estadounidense ABC.<\/p>\n<p>Crimo, acusado de siete cargos de asesinato en primer grado, ha comparecido este mi\u00e9rcoles ante un tribunal por v\u00eda telem\u00e1tica, donde ha confesado la masacre ejecutada el lunes en Highland Park, si bien no ha mostrado ning\u00fan tipo de emoci\u00f3n cuando se ha descrito lo ocurrido ni cuando se han recitado los nombres de los fallecidos.<\/p>\n<p>Seg\u00fan los fiscales, el acusado ha reconocido tambi\u00e9n haberse vestido de mujer y haberse maquillado para cubrir los tatuajes que tiene en la cara, y as\u00ed mezclarse m\u00e1s f\u00e1cilmente entre la multitud del evento.<\/p>\n<p>Durante la jornada del martes, el subjefe de la Oficina del alguacil de Lake, Christopher Covelli, inform\u00f3 de que los primeros informes apuntan a que Crimo plane\u00f3 el ataque \u00abdurante varias semanas\u00bb.<\/p>\n<p>El subjefe de Polic\u00eda detall\u00f3 tambi\u00e9n que se desconocen los motivos que impulsaron a Crimo a abrir fuego, y que no se cuenta con informaci\u00f3n para determinar si se trata de un ataque racista, por motivos religiosos u otras razones.<\/p>\n<p>Seg\u00fan la emisora WBBM, apenas diez minutos despu\u00e9s del inicio del desfile se escucharon hasta 20 detonaciones de arma de fuego, aunque m\u00e1s tarde las autoridades elevaron a 70 las rondas disparadas contra la multitud. Al llegar, los agentes confirmaron m\u00faltiples v\u00edctimas en un lugar que, seg\u00fan un testigo, \u00abparec\u00eda una zona de guerra\u00bb.<\/p>\n<p>&nbsp;<\/p>\n<p>Fuente: EUROPA PRESS<\/p>\n<p>&nbsp;<\/p>\n","protected":false},"excerpt":{"rendered":"<p>MADRID, (EUROPA PRESS) &#8211; &nbsp; Las autoridades de Estados Unidos <a href=\"https:\/\/sertv.gob.pa\/nacionalfm\/el-sospechoso-del-tiroteo-a-las-afueras-de-chicago-planeo-otro-ataque-en-wisconsin-durante-su-huida\/\"> [&#8230;]<\/a><\/p>\n","protected":false},"author":9,"featured_media":84388,"comment_status":"closed","ping_status":"closed","sticky":false,"template":"","format":"standard","meta":{"footnotes":""},"categories":[3],"tags":[],"class_list":["post-84387","post","type-post","status-publish","format-standard","has-post-thumbnail","hentry","category-internacionales"],"_links":{"self":[{"href":"https:\/\/sertv.gob.pa\/nacionalfm\/wp-json\/wp\/v2\/posts\/84387","targetHints":{"allow":["GET"]}}],"collection":[{"href":"https:\/\/sertv.gob.pa\/nacionalfm\/wp-json\/wp\/v2\/posts"}],"about":[{"href":"https:\/\/sertv.gob.pa\/nacionalfm\/wp-json\/wp\/v2\/types\/post"}],"author":[{"embeddable":true,"href":"https:\/\/sertv.gob.pa\/nacionalfm\/wp-json\/wp\/v2\/users\/9"}],"replies":[{"embeddable":true,"href":"https:\/\/sertv.gob.pa\/nacionalfm\/wp-json\/wp\/v2\/comments?post=84387"}],"version-history":[{"count":1,"href":"https:\/\/sertv.gob.pa\/nacionalfm\/wp-json\/wp\/v2\/posts\/84387\/revisions"}],"predecessor-version":[{"id":84389,"href":"https:\/\/sertv.gob.pa\/nacionalfm\/wp-json\/wp\/v2\/posts\/84387\/revisions\/84389"}],"wp:featuredmedia":[{"embeddable":true,"href":"https:\/\/sertv.gob.pa\/nacionalfm\/wp-json\/wp\/v2\/media\/84388"}],"wp:attachment":[{"href":"https:\/\/sertv.gob.pa\/nacionalfm\/wp-json\/wp\/v2\/media?parent=84387"}],"wp:term":[{"taxonomy":"category","embeddable":true,"href":"https:\/\/sertv.gob.pa\/nacionalfm\/wp-json\/wp\/v2\/categories?post=84387"},{"taxonomy":"post_tag","embeddable":true,"href":"https:\/\/sertv.gob.pa\/nacionalfm\/wp-json\/wp\/v2\/tags?post=84387"}],"curies":[{"name":"wp","href":"https:\/\/api.w.org\/{rel}","templated":true}]}}