{"id":8439,"date":"2015-10-27T18:16:36","date_gmt":"2015-10-27T18:16:36","guid":{"rendered":""},"modified":"2015-10-27T18:16:36","modified_gmt":"2015-10-27T18:16:36","slug":"eliminar-criaderos-de-mosquitos-solicita-el-minsa","status":"publish","type":"post","link":"https:\/\/sertv.gob.pa\/nacionalfm\/eliminar-criaderos-de-mosquitos-solicita-el-minsa\/","title":{"rendered":"Eliminar criaderos de mosquitos, solicita el Minsa"},"content":{"rendered":"<p>\nLa directora general de salud del Minsa, Itza Barahona de Mosca, indic\u00f3 que es preocupante el incremento de casos de dengue y Chikungunya en la capital del pa\u00eds. <\/p>\n<p>Barahona de Mosca dio a conocer que Pacora contin\u00faa siendo un \u00e1rea sensible y que pr\u00e1cticamente en cada casa de esa zona hay un criadero de mosquitos. <\/p>\n<p>Por ello hizo un llamado la ciudadan\u00eda de ese sector y a toda la poblaci\u00f3n para acabar con los criaderos. <\/p>\n<p>\u00abLe pedimos a los empresarios, a los  grupos  sociales, a las constructoras a la ciudadan\u00eda entera que se deshagan de todo tipo de criaderos para evitar m\u00e1s casos\u00bb, expres\u00f3. <\/p>\n<p>Seg\u00fan estad\u00edsticas del Minsa, este a\u00f1o se ha reportado una muerte por dengue y dos est\u00e1n bajo investigaci\u00f3n. <\/p>\n<p>\u00a0 <\/p>\n","protected":false},"excerpt":{"rendered":"<p>La directora general de salud del Minsa, Itza Barahona de <a href=\"https:\/\/sertv.gob.pa\/nacionalfm\/eliminar-criaderos-de-mosquitos-solicita-el-minsa\/\"> [&#8230;]<\/a><\/p>\n","protected":false},"author":1,"featured_media":8440,"comment_status":"closed","ping_status":"closed","sticky":false,"template":"","format":"standard","meta":{"footnotes":""},"categories":[5],"tags":[],"class_list":["post-8439","post","type-post","status-publish","format-standard","has-post-thumbnail","hentry","category-salud"],"_links":{"self":[{"href":"https:\/\/sertv.gob.pa\/nacionalfm\/wp-json\/wp\/v2\/posts\/8439","targetHints":{"allow":["GET"]}}],"collection":[{"href":"https:\/\/sertv.gob.pa\/nacionalfm\/wp-json\/wp\/v2\/posts"}],"about":[{"href":"https:\/\/sertv.gob.pa\/nacionalfm\/wp-json\/wp\/v2\/types\/post"}],"author":[{"embeddable":true,"href":"https:\/\/sertv.gob.pa\/nacionalfm\/wp-json\/wp\/v2\/users\/1"}],"replies":[{"embeddable":true,"href":"https:\/\/sertv.gob.pa\/nacionalfm\/wp-json\/wp\/v2\/comments?post=8439"}],"version-history":[{"count":0,"href":"https:\/\/sertv.gob.pa\/nacionalfm\/wp-json\/wp\/v2\/posts\/8439\/revisions"}],"wp:featuredmedia":[{"embeddable":true,"href":"https:\/\/sertv.gob.pa\/nacionalfm\/wp-json\/wp\/v2\/media\/8440"}],"wp:attachment":[{"href":"https:\/\/sertv.gob.pa\/nacionalfm\/wp-json\/wp\/v2\/media?parent=8439"}],"wp:term":[{"taxonomy":"category","embeddable":true,"href":"https:\/\/sertv.gob.pa\/nacionalfm\/wp-json\/wp\/v2\/categories?post=8439"},{"taxonomy":"post_tag","embeddable":true,"href":"https:\/\/sertv.gob.pa\/nacionalfm\/wp-json\/wp\/v2\/tags?post=8439"}],"curies":[{"name":"wp","href":"https:\/\/api.w.org\/{rel}","templated":true}]}}