{"id":8441,"date":"2015-10-27T18:26:26","date_gmt":"2015-10-27T18:26:26","guid":{"rendered":""},"modified":"2015-10-27T18:26:26","modified_gmt":"2015-10-27T18:26:26","slug":"excesiva-radiacion-recibio-el-personal-en-fukushima-2011","status":"publish","type":"post","link":"https:\/\/sertv.gob.pa\/nacionalfm\/excesiva-radiacion-recibio-el-personal-en-fukushima-2011\/","title":{"rendered":"Excesiva radiaci\u00f3n recibi\u00f3 el personal en Fukushima 2011"},"content":{"rendered":"<p>\nCerca del \u00a040% de los militares, bomberos y polic\u00edas que participaron en las tareas de evacuaci\u00f3n luego del \u00a0accidente nuclear de Fukushima de 2011 recibi\u00f3 dosis de radiaci\u00f3n superior al l\u00edmite anual recomendado, revel\u00f3 el Gobierno nip\u00f3n. <\/p>\n<p>El Ejecutivo nip\u00f3n ha publicado estos datos tras recopilar los registros de exposici\u00f3n a la radiaci\u00f3n de los cerca de 3 mil efectivos que contribuyeron a la evacuaci\u00f3n de los residentes del \u00e1rea de exclusi\u00f3n de 20 kil\u00f3metros decretada en torno a la planta. Estos trabajos se llevaron a cabo entre el 12 y el 31 de marzo de 2011, justo despu\u00e9s del terremoto y el tsunami el 11 del mismo mes que provocaron la cat\u00e1strofe nuclear. <\/p>\n<p>Un 38 % del personal de la Fuerzas de Auto Defensa (Ej\u00e9rcito), la Agencia Nacional de Polic\u00eda y los bomberos result\u00f3 expuesto a un milisievert (que equivale a mil microsievert) o m\u00e1s, el l\u00edmite anual que recomienda la Comisi\u00f3n Internacional de Protecci\u00f3n Radiol\u00f3gica (ICRP). <\/p>\n<p>De ellos, una quinta parte recibi\u00f3 una dosis superior a 2 milisievert y un cinco por ciento recibi\u00f3 entre 5 y 10 milisieverts, seg\u00fan los datos difundidos por el Gobierno y recogidos por los medios nipones. <\/p>\n<p>\u00a0 <\/p>\n","protected":false},"excerpt":{"rendered":"<p>Cerca del \u00a040% de los militares, bomberos y polic\u00edas que <a href=\"https:\/\/sertv.gob.pa\/nacionalfm\/excesiva-radiacion-recibio-el-personal-en-fukushima-2011\/\"> [&#8230;]<\/a><\/p>\n","protected":false},"author":1,"featured_media":8442,"comment_status":"closed","ping_status":"closed","sticky":false,"template":"","format":"standard","meta":{"footnotes":""},"categories":[5],"tags":[],"class_list":["post-8441","post","type-post","status-publish","format-standard","has-post-thumbnail","hentry","category-salud"],"_links":{"self":[{"href":"https:\/\/sertv.gob.pa\/nacionalfm\/wp-json\/wp\/v2\/posts\/8441","targetHints":{"allow":["GET"]}}],"collection":[{"href":"https:\/\/sertv.gob.pa\/nacionalfm\/wp-json\/wp\/v2\/posts"}],"about":[{"href":"https:\/\/sertv.gob.pa\/nacionalfm\/wp-json\/wp\/v2\/types\/post"}],"author":[{"embeddable":true,"href":"https:\/\/sertv.gob.pa\/nacionalfm\/wp-json\/wp\/v2\/users\/1"}],"replies":[{"embeddable":true,"href":"https:\/\/sertv.gob.pa\/nacionalfm\/wp-json\/wp\/v2\/comments?post=8441"}],"version-history":[{"count":0,"href":"https:\/\/sertv.gob.pa\/nacionalfm\/wp-json\/wp\/v2\/posts\/8441\/revisions"}],"wp:featuredmedia":[{"embeddable":true,"href":"https:\/\/sertv.gob.pa\/nacionalfm\/wp-json\/wp\/v2\/media\/8442"}],"wp:attachment":[{"href":"https:\/\/sertv.gob.pa\/nacionalfm\/wp-json\/wp\/v2\/media?parent=8441"}],"wp:term":[{"taxonomy":"category","embeddable":true,"href":"https:\/\/sertv.gob.pa\/nacionalfm\/wp-json\/wp\/v2\/categories?post=8441"},{"taxonomy":"post_tag","embeddable":true,"href":"https:\/\/sertv.gob.pa\/nacionalfm\/wp-json\/wp\/v2\/tags?post=8441"}],"curies":[{"name":"wp","href":"https:\/\/api.w.org\/{rel}","templated":true}]}}