{"id":84445,"date":"2022-07-07T19:50:22","date_gmt":"2022-07-07T19:50:22","guid":{"rendered":"https:\/\/sertv.gob.pa\/nacionalfm\/?p=84445"},"modified":"2022-07-07T19:50:22","modified_gmt":"2022-07-07T19:50:22","slug":"castillo-condena-el-secuestro-de-dos-periodistas-en-su-region-y-exige-una-investigacion-de-lo-ocurrido","status":"publish","type":"post","link":"https:\/\/sertv.gob.pa\/nacionalfm\/castillo-condena-el-secuestro-de-dos-periodistas-en-su-region-y-exige-una-investigacion-de-lo-ocurrido\/","title":{"rendered":"Castillo condena el secuestro de dos periodistas en su regi\u00f3n y exige una investigaci\u00f3n de lo ocurrido"},"content":{"rendered":"<p><strong><em>MADRID, (EUROPA PRESS) &#8211;<\/em><\/strong><\/p>\n<p>El presidente de Per\u00fa, Pedro Castillo, ha condenado este jueves el secuestro al que fueron sometidos dos periodista por parte de las llamadas rondas campesinas a su paso por la regi\u00f3n de Cajamarca y ha exigido una investigaci\u00f3n de lo ocurrido.<\/p>\n<p>\u00abRechazo en\u00e9rgicamente todo acto de violencia que vulnere las libertades personales, as\u00ed como la libertad de prensa y expresi\u00f3n. Somos respetuosos del Estado de Derecho\u00bb, ha escrito Castillo en su cuenta de Twitter.<\/p>\n<p>\u00abPor ello, exigimos una investigaci\u00f3n sobre lo sucedido con los periodistas de un medio de comunicaci\u00f3n en la regi\u00f3n Cajamarca\u00bb, ha reclamado el presidente peruano en relaci\u00f3n caso de los trabajadores del canal Am\u00e9rica TV, retenidos en el distrito de Chad\u00edn por un grupo de campesinos mientras hac\u00edan un reportaje.<\/p>\n<p>El reportero Eduardo Quispe y el c\u00e1mara Elmer Valdiviezo del equipo del programa de televisi\u00f3n Cuarto Poder denunciaron que fueron retenidos cuando tomaban declaraciones sobre Yenifer Paredes, cu\u00f1ada del presidente Castillo, a la que se vincula con un supuesto delito de tr\u00e1fico de influencias en la regi\u00f3n.<\/p>\n<p>Antes de que Castillo se pronunciara, Quispe le ha responsabilizado frente a las c\u00e1maras de Canal N y ha defendido que deber\u00eda \u00abresponder\u00bb por lo ocurrido ya que es el presidente \u00abquien se ampara en las rondas campesinas y en su justicia\u00bb, adem\u00e1s de haber tenido \u00absiempre un discurso azuzador contra la prensa\u00bb.<\/p>\n<p>Am\u00e9rica TV emiti\u00f3 un comunicado informando de que la raz\u00f3n por la cual dos de sus trabajadores fueron retenidos se debi\u00f3 al reportaje que la cadena emiti\u00f3 d\u00edas antes en el que se puede ver unas im\u00e1genes en las que Yenifer Paredes aparece ofreciendo contratos p\u00fablicos para obras de saneamiento a los habitantes de un localidad de Cajamarca, regi\u00f3n de la que os oriundo Castillo.<\/p>\n<p>En ese mismo comunicado, la cadena sostiene que las rondas campesinas obligaron a pedir disculpas p\u00fablicas a los retenidos ya que en caso contrario \u00absus vidas estaban en riesgo\u00bb. Por ello, decidieron interrumpir la programaci\u00f3n habitual y dar paso por tel\u00e9fono a Quispe que ley\u00f3 \u00abobligado\u00bb un texto que le fue dictado.<\/p>\n<p>Durante su intervenci\u00f3n Quispe ley\u00f3 un comunicado en el que admit\u00eda que aquel reportaje supon\u00eda \u00abuna imputaci\u00f3n falsa\u00bb, por lo que era menester rectificar para \u00abno hacer da\u00f1o al Gobierno central y a sus familiares\u00bb y pedir perd\u00f3n \u00aba nivel nacional por actuar no de acuerdo a la verdad\u00bb.<\/p>\n<p>&nbsp;<\/p>\n<p>Fuente: EUROPA PRESS<\/p>\n","protected":false},"excerpt":{"rendered":"<p>MADRID, (EUROPA PRESS) &#8211; El presidente de Per\u00fa, Pedro Castillo, <a href=\"https:\/\/sertv.gob.pa\/nacionalfm\/castillo-condena-el-secuestro-de-dos-periodistas-en-su-region-y-exige-una-investigacion-de-lo-ocurrido\/\"> [&#8230;]<\/a><\/p>\n","protected":false},"author":9,"featured_media":84446,"comment_status":"closed","ping_status":"closed","sticky":false,"template":"","format":"standard","meta":{"footnotes":""},"categories":[3],"tags":[],"class_list":["post-84445","post","type-post","status-publish","format-standard","has-post-thumbnail","hentry","category-internacionales"],"_links":{"self":[{"href":"https:\/\/sertv.gob.pa\/nacionalfm\/wp-json\/wp\/v2\/posts\/84445","targetHints":{"allow":["GET"]}}],"collection":[{"href":"https:\/\/sertv.gob.pa\/nacionalfm\/wp-json\/wp\/v2\/posts"}],"about":[{"href":"https:\/\/sertv.gob.pa\/nacionalfm\/wp-json\/wp\/v2\/types\/post"}],"author":[{"embeddable":true,"href":"https:\/\/sertv.gob.pa\/nacionalfm\/wp-json\/wp\/v2\/users\/9"}],"replies":[{"embeddable":true,"href":"https:\/\/sertv.gob.pa\/nacionalfm\/wp-json\/wp\/v2\/comments?post=84445"}],"version-history":[{"count":1,"href":"https:\/\/sertv.gob.pa\/nacionalfm\/wp-json\/wp\/v2\/posts\/84445\/revisions"}],"predecessor-version":[{"id":84447,"href":"https:\/\/sertv.gob.pa\/nacionalfm\/wp-json\/wp\/v2\/posts\/84445\/revisions\/84447"}],"wp:featuredmedia":[{"embeddable":true,"href":"https:\/\/sertv.gob.pa\/nacionalfm\/wp-json\/wp\/v2\/media\/84446"}],"wp:attachment":[{"href":"https:\/\/sertv.gob.pa\/nacionalfm\/wp-json\/wp\/v2\/media?parent=84445"}],"wp:term":[{"taxonomy":"category","embeddable":true,"href":"https:\/\/sertv.gob.pa\/nacionalfm\/wp-json\/wp\/v2\/categories?post=84445"},{"taxonomy":"post_tag","embeddable":true,"href":"https:\/\/sertv.gob.pa\/nacionalfm\/wp-json\/wp\/v2\/tags?post=84445"}],"curies":[{"name":"wp","href":"https:\/\/api.w.org\/{rel}","templated":true}]}}