{"id":84492,"date":"2022-07-08T18:39:15","date_gmt":"2022-07-08T18:39:15","guid":{"rendered":"https:\/\/sertv.gob.pa\/nacionalfm\/?p=84492"},"modified":"2022-07-08T18:39:15","modified_gmt":"2022-07-08T18:39:15","slug":"biden-firma-una-orden-ejecutiva-para-reforzar-el-acceso-al-derecho-al-aborto-en-eeuu","status":"publish","type":"post","link":"https:\/\/sertv.gob.pa\/nacionalfm\/biden-firma-una-orden-ejecutiva-para-reforzar-el-acceso-al-derecho-al-aborto-en-eeuu\/","title":{"rendered":"Biden firma una orden ejecutiva para reforzar el acceso al derecho al aborto en EEUU"},"content":{"rendered":"<p>MADRID, 8 Jul. (EUROPA PRESS) &#8211;<\/p>\n<p>El presidente de Estados Unidos, Joe Biden, ha firmado este viernes una orden ejecutiva para defender el aborto de las mujeres estadounidenses, dos semanas despu\u00e9s de que el Tribunal Supremo revocara el fallo Roe contra Wade que proteg\u00eda por primera vez y desde 1973 este derecho sin restricciones durante el primer trimestre del embarazo<\/p>\n<p>\u00abEsto no es un horror imaginario. Ya est\u00e1 sucediendo\u00bb, ha dicho en relaci\u00f3n al fallo del Supremo y que tambi\u00e9n recibido ha sido por los estados gobernados por el Partido Republicano, los cuales ya hab\u00edan maniobrado anteriormente para dificultar que las mujeres pudieran acceder libremente a este derecho.<\/p>\n<p>Acompa\u00f1ado de la vicepresidenta, Kamala Harris y el secretario de Salud, Xavier Becerra, Biden ha calificado aquel fallo de \u00abextremo\u00bb y \u00abtotalmente incorrecto\u00bb y ha relatado el reciente episodio de una ni\u00f1a de 10 a\u00f1os que se vio obligada a viajar fuera del estado de Indiana para someterse a un aborto tras ser v\u00edctima de una violaci\u00f3n<\/p>\n<p>\u00abUna ni\u00f1a de 10 a\u00f1os fue v\u00edctima de violaci\u00f3n, 10 a\u00f1os, y se vio obligada a tener que viajar fuera del estado a Indiana para tratar de poner fin a la embarazo y tal vez salvar su vida. Imaginen ser esa ni\u00f1a. Lo digo en serio, imaginen ser esa ni\u00f1a. \u00a110 a\u00f1os!\u00bb, ha enfatizado Biden durante el acto de la firma del decreto.<\/p>\n<p>En las \u00faltimas semanas el presidente Biden se ha enfrentado a fuertes presiones por parte de los colectivos de la sociedad civil y sectores de su Partido Dem\u00f3crata para que tomara medidas m\u00e1s contundentes para proteger el derecho aborto, en especial tras la decisi\u00f3n del Tribunal Supremo de Estados Unidos.<\/p>\n<p>La orden insta al Departamento de Salud a tomar medidas para garantizar el acceso a la medicaci\u00f3n abortiva, busca aumentar la protecci\u00f3n de los sanitarios que realizan estas pr\u00e1cticas en el marco de la Ley de Trabajo y Tratamiento M\u00e9dico de Emergencia, as\u00ed como la privacidad de las pacientes y reforzar las campa\u00f1as de concienciaci\u00f3n en los centros p\u00fablicos.<\/p>\n<p>Sin embargo, la medida no incluye algunas propuestas como la de la gobernadora dem\u00f3crata de Michigan, Gretchen Whitmer, de poder transportar legalmente la p\u00edldora abortiva a trav\u00e9s de la frontera de Estados Unidos y Canad\u00e1, o la de permitir practicar el aborto en propiedades del Gobierno federal dentro de aquellos estados en el que est\u00e1 prohibido este derecho.<\/p>\n<p>Biden ha reconocido que no puede hacer nada para restaurar en todo el pa\u00eds el derecho al aborto tras el fallo del Supremo, por lo que ha pedido a los ciudadanos que en las elecciones de mitad de mandato elijan a los miembros del Congreso que se han manifestado a favor de apoyar las leyes federales que lo blindan.<\/p>\n<p>Al eliminar el car\u00e1cter de derecho constitucional, el fallo del Supremo da v\u00eda libre a los estados para ejecutar su prohibici\u00f3n, en medio de una disputa sobre una ley de 2018 aprobada por la legislatura republicana de Mississippi para prohibir los abortos despu\u00e9s de las 15 semanas.<\/p>\n<p>&nbsp;<\/p>\n<p>Fuente: EUROPA PRESS<\/p>\n","protected":false},"excerpt":{"rendered":"<p>MADRID, 8 Jul. (EUROPA PRESS) &#8211; El presidente de Estados <a href=\"https:\/\/sertv.gob.pa\/nacionalfm\/biden-firma-una-orden-ejecutiva-para-reforzar-el-acceso-al-derecho-al-aborto-en-eeuu\/\"> [&#8230;]<\/a><\/p>\n","protected":false},"author":9,"featured_media":84493,"comment_status":"closed","ping_status":"closed","sticky":false,"template":"","format":"standard","meta":{"footnotes":""},"categories":[3],"tags":[],"class_list":["post-84492","post","type-post","status-publish","format-standard","has-post-thumbnail","hentry","category-internacionales"],"_links":{"self":[{"href":"https:\/\/sertv.gob.pa\/nacionalfm\/wp-json\/wp\/v2\/posts\/84492","targetHints":{"allow":["GET"]}}],"collection":[{"href":"https:\/\/sertv.gob.pa\/nacionalfm\/wp-json\/wp\/v2\/posts"}],"about":[{"href":"https:\/\/sertv.gob.pa\/nacionalfm\/wp-json\/wp\/v2\/types\/post"}],"author":[{"embeddable":true,"href":"https:\/\/sertv.gob.pa\/nacionalfm\/wp-json\/wp\/v2\/users\/9"}],"replies":[{"embeddable":true,"href":"https:\/\/sertv.gob.pa\/nacionalfm\/wp-json\/wp\/v2\/comments?post=84492"}],"version-history":[{"count":1,"href":"https:\/\/sertv.gob.pa\/nacionalfm\/wp-json\/wp\/v2\/posts\/84492\/revisions"}],"predecessor-version":[{"id":84494,"href":"https:\/\/sertv.gob.pa\/nacionalfm\/wp-json\/wp\/v2\/posts\/84492\/revisions\/84494"}],"wp:featuredmedia":[{"embeddable":true,"href":"https:\/\/sertv.gob.pa\/nacionalfm\/wp-json\/wp\/v2\/media\/84493"}],"wp:attachment":[{"href":"https:\/\/sertv.gob.pa\/nacionalfm\/wp-json\/wp\/v2\/media?parent=84492"}],"wp:term":[{"taxonomy":"category","embeddable":true,"href":"https:\/\/sertv.gob.pa\/nacionalfm\/wp-json\/wp\/v2\/categories?post=84492"},{"taxonomy":"post_tag","embeddable":true,"href":"https:\/\/sertv.gob.pa\/nacionalfm\/wp-json\/wp\/v2\/tags?post=84492"}],"curies":[{"name":"wp","href":"https:\/\/api.w.org\/{rel}","templated":true}]}}