{"id":84575,"date":"2022-07-11T19:28:16","date_gmt":"2022-07-11T19:28:16","guid":{"rendered":"https:\/\/sertv.gob.pa\/nacionalfm\/?p=84575"},"modified":"2022-07-11T19:28:16","modified_gmt":"2022-07-11T19:28:16","slug":"la-iglesia-de-la-unificacion-confirma-que-la-madre-del-asesino-confeso-de-abe-era-una-de-sus-miembros","status":"publish","type":"post","link":"https:\/\/sertv.gob.pa\/nacionalfm\/la-iglesia-de-la-unificacion-confirma-que-la-madre-del-asesino-confeso-de-abe-era-una-de-sus-miembros\/","title":{"rendered":"La Iglesia de la Unificaci\u00f3n confirma que la madre del asesino confeso de Abe era una de sus miembros"},"content":{"rendered":"<p><strong><em>MADRID, (EUROPA PRESS) &#8211;<\/em><\/strong><\/p>\n<p>&nbsp;<\/p>\n<p>La Iglesia de la Unificaci\u00f3n, el grupo religioso de origen surcoreano al que pertenece la madre del autor del asesinato del ex primer ministro japon\u00e9s Shinzo Abe y al que el asesino confeso ha culpado de llevar a la bancarrota a su familia, ha confirmado que la mujer es una de sus miembros, pero niega haberla presionado para hacer donaciones cuantiosas.<\/p>\n<p>Tetsuya Yamagami, que confes\u00f3 el fin de semana que su primera intenci\u00f3n era la de matar al l\u00edder de ese grupo por haber arruinado a su familia, ha indicado que hab\u00eda planeado con antelaci\u00f3n el ataque y ha reconocido que hab\u00eda visitado otros lugares donde Abe hab\u00eda pronunciado discursos durante su campa\u00f1a.<\/p>\n<p>Tomihiro Tanaka, presidente de la rama japonesa del grupo religioso, ha indicado este lunes que la Iglesia de la Unificaci\u00f3n estaba al tanto de que la familia de Yamagami se hab\u00eda quedado sin dinero, pero ha rechazado la idea de haberla forzado a seguir haciendo donaciones. Adem\u00e1s, ha confirmado que Yamagami nunca ha sido miembro de la secta.<\/p>\n<p>Su madre, sin embargo, se uni\u00f3 al grupo en 1998 y se qued\u00f3 sin dinero en 2002. Entre 2009 y 2017 no tuvo relaci\u00f3n alguna con el grupo, pero volvi\u00f3 a asistir a los eventos organizados por el mismo hace dos o tres a\u00f1os.<\/p>\n<p>La Iglesia de la Unificaci\u00f3n, cuestionada en anteriores ocasiones por su sistema de donaciones, ha asegurado que llev\u00f3 a cabo una reforma interna en 2009, cuando su jefe admiti\u00f3 varios problemas a la hora de cumplir con la legislaci\u00f3n vigente.<\/p>\n<p>En relaci\u00f3n con el asesinato de Abe, Tanaka ha se\u00f1alado que el ex primer ministro era una figura cercana a un \u00abgrupo amigo\u00bb de la iglesia, la cual ha diferenciado de la propia organizaci\u00f3n, y ha incidido en que nunca fue miembro o asesor de la Iglesia de la Unificaci\u00f3n.<\/p>\n<p>\u00abEsto es lo que creo, pero Yamagami no distingu\u00eda entre un grupo y otro. Crey\u00f3 que como los fundadores eran los mismo todo ser\u00eda lo mismo\u00bb, ha lamentado, seg\u00fan informaciones del diario &#8216;The Japan Times&#8217;.<\/p>\n<p>La Iglesia de la Unificaci\u00f3n, conocida por sus ideas profundamente conservadoras, se origin\u00f3 en Corea del Sur y cuenta con un amplio n\u00famero de seguidores en Jap\u00f3n. Adem\u00e1s, cuenta con adeptos a nivel mundial &#8211;entre los que se encuentra el expresidente estadounidense Donald Trump&#8211;, y tiene una sede en la estaci\u00f3n de tren de Nara, donde se produjo el ataque.<\/p>\n<p>&nbsp;<\/p>\n<p>Fuente: EUROPA PRESS<\/p>\n<p>&nbsp;<\/p>\n","protected":false},"excerpt":{"rendered":"<p>MADRID, (EUROPA PRESS) &#8211; &nbsp; La Iglesia de la Unificaci\u00f3n, <a href=\"https:\/\/sertv.gob.pa\/nacionalfm\/la-iglesia-de-la-unificacion-confirma-que-la-madre-del-asesino-confeso-de-abe-era-una-de-sus-miembros\/\"> [&#8230;]<\/a><\/p>\n","protected":false},"author":9,"featured_media":84489,"comment_status":"closed","ping_status":"closed","sticky":false,"template":"","format":"standard","meta":{"footnotes":""},"categories":[3],"tags":[],"class_list":["post-84575","post","type-post","status-publish","format-standard","has-post-thumbnail","hentry","category-internacionales"],"_links":{"self":[{"href":"https:\/\/sertv.gob.pa\/nacionalfm\/wp-json\/wp\/v2\/posts\/84575","targetHints":{"allow":["GET"]}}],"collection":[{"href":"https:\/\/sertv.gob.pa\/nacionalfm\/wp-json\/wp\/v2\/posts"}],"about":[{"href":"https:\/\/sertv.gob.pa\/nacionalfm\/wp-json\/wp\/v2\/types\/post"}],"author":[{"embeddable":true,"href":"https:\/\/sertv.gob.pa\/nacionalfm\/wp-json\/wp\/v2\/users\/9"}],"replies":[{"embeddable":true,"href":"https:\/\/sertv.gob.pa\/nacionalfm\/wp-json\/wp\/v2\/comments?post=84575"}],"version-history":[{"count":1,"href":"https:\/\/sertv.gob.pa\/nacionalfm\/wp-json\/wp\/v2\/posts\/84575\/revisions"}],"predecessor-version":[{"id":84576,"href":"https:\/\/sertv.gob.pa\/nacionalfm\/wp-json\/wp\/v2\/posts\/84575\/revisions\/84576"}],"wp:featuredmedia":[{"embeddable":true,"href":"https:\/\/sertv.gob.pa\/nacionalfm\/wp-json\/wp\/v2\/media\/84489"}],"wp:attachment":[{"href":"https:\/\/sertv.gob.pa\/nacionalfm\/wp-json\/wp\/v2\/media?parent=84575"}],"wp:term":[{"taxonomy":"category","embeddable":true,"href":"https:\/\/sertv.gob.pa\/nacionalfm\/wp-json\/wp\/v2\/categories?post=84575"},{"taxonomy":"post_tag","embeddable":true,"href":"https:\/\/sertv.gob.pa\/nacionalfm\/wp-json\/wp\/v2\/tags?post=84575"}],"curies":[{"name":"wp","href":"https:\/\/api.w.org\/{rel}","templated":true}]}}