{"id":84581,"date":"2022-07-11T20:09:41","date_gmt":"2022-07-11T20:09:41","guid":{"rendered":"https:\/\/sertv.gob.pa\/nacionalfm\/?p=84581"},"modified":"2022-07-11T20:10:11","modified_gmt":"2022-07-11T20:10:11","slug":"muere-a-los-94-anos-el-compositor-del-tema-de-james-bond","status":"publish","type":"post","link":"https:\/\/sertv.gob.pa\/nacionalfm\/muere-a-los-94-anos-el-compositor-del-tema-de-james-bond\/","title":{"rendered":"Muere a los 94 a\u00f1os el compositor del tema de James Bond"},"content":{"rendered":"<p><strong><em>MADRID, (EUROPA PRESS) &#8211;<\/em><\/strong><\/p>\n<p>&nbsp;<\/p>\n<p>El compositor brit\u00e1nico Monty Norman, conocido por ser el autor del tema de James Bond, ha fallecido este lunes a los 94 a\u00f1os de edad tras una enfermedad.<\/p>\n<p>\u00abCompartimos con pesar la noticia de que Monty Norman ha fallecido el 11 de julio de 2022 tras una corta enfermedad\u00bb, ha publicado la web oficial del m\u00fasico.<\/p>\n<p>Norman compuso el emblem\u00e1tico tema para la primera pel\u00edcula de James Bond, &#8216;Agente 007 contra el dr. No&#8217;, de 1962, una cinta protagonizada por Sean Connery y Ursula Andress. El tema ha sido utilizado en las 24 pel\u00edculas posteriores de James Bond.<\/p>\n<p>Norman comenz\u00f3 su carrera cantando hasta que empez\u00f3 a componer para musicales y pel\u00edculas. Tambi\u00e9n colabor\u00f3 con el c\u00f3mico Benny Hill en giras por Reino Unido.<\/p>\n<p>&nbsp;<\/p>\n<p>Fuente: EUROPA PRESS<\/p>\n<p>&nbsp;<\/p>\n","protected":false},"excerpt":{"rendered":"<p>MADRID, (EUROPA PRESS) &#8211; &nbsp; El compositor brit\u00e1nico Monty Norman, <a href=\"https:\/\/sertv.gob.pa\/nacionalfm\/muere-a-los-94-anos-el-compositor-del-tema-de-james-bond\/\"> [&#8230;]<\/a><\/p>\n","protected":false},"author":9,"featured_media":84582,"comment_status":"closed","ping_status":"closed","sticky":false,"template":"","format":"standard","meta":{"footnotes":""},"categories":[3],"tags":[],"class_list":["post-84581","post","type-post","status-publish","format-standard","has-post-thumbnail","hentry","category-internacionales"],"_links":{"self":[{"href":"https:\/\/sertv.gob.pa\/nacionalfm\/wp-json\/wp\/v2\/posts\/84581","targetHints":{"allow":["GET"]}}],"collection":[{"href":"https:\/\/sertv.gob.pa\/nacionalfm\/wp-json\/wp\/v2\/posts"}],"about":[{"href":"https:\/\/sertv.gob.pa\/nacionalfm\/wp-json\/wp\/v2\/types\/post"}],"author":[{"embeddable":true,"href":"https:\/\/sertv.gob.pa\/nacionalfm\/wp-json\/wp\/v2\/users\/9"}],"replies":[{"embeddable":true,"href":"https:\/\/sertv.gob.pa\/nacionalfm\/wp-json\/wp\/v2\/comments?post=84581"}],"version-history":[{"count":2,"href":"https:\/\/sertv.gob.pa\/nacionalfm\/wp-json\/wp\/v2\/posts\/84581\/revisions"}],"predecessor-version":[{"id":84588,"href":"https:\/\/sertv.gob.pa\/nacionalfm\/wp-json\/wp\/v2\/posts\/84581\/revisions\/84588"}],"wp:featuredmedia":[{"embeddable":true,"href":"https:\/\/sertv.gob.pa\/nacionalfm\/wp-json\/wp\/v2\/media\/84582"}],"wp:attachment":[{"href":"https:\/\/sertv.gob.pa\/nacionalfm\/wp-json\/wp\/v2\/media?parent=84581"}],"wp:term":[{"taxonomy":"category","embeddable":true,"href":"https:\/\/sertv.gob.pa\/nacionalfm\/wp-json\/wp\/v2\/categories?post=84581"},{"taxonomy":"post_tag","embeddable":true,"href":"https:\/\/sertv.gob.pa\/nacionalfm\/wp-json\/wp\/v2\/tags?post=84581"}],"curies":[{"name":"wp","href":"https:\/\/api.w.org\/{rel}","templated":true}]}}