{"id":84643,"date":"2022-07-12T19:30:34","date_gmt":"2022-07-12T19:30:34","guid":{"rendered":"https:\/\/sertv.gob.pa\/nacionalfm\/?p=84643"},"modified":"2022-07-12T19:30:34","modified_gmt":"2022-07-12T19:30:34","slug":"el-papa-asegura-que-no-tiene-intencion-de-renunciar-y-si-lo-hace-se-quedara-como-obispo-emerito-en-roma","status":"publish","type":"post","link":"https:\/\/sertv.gob.pa\/nacionalfm\/el-papa-asegura-que-no-tiene-intencion-de-renunciar-y-si-lo-hace-se-quedara-como-obispo-emerito-en-roma\/","title":{"rendered":"El Papa asegura que no tiene intenci\u00f3n de renunciar y, si lo hace, se quedar\u00e1 como \u00abobispo em\u00e9rito en Roma\u00bb"},"content":{"rendered":"<p><strong><em>ROMA, (EUROPA PRESS) &#8211;<\/em><\/strong><\/p>\n<p>&nbsp;<\/p>\n<p>El Papa Francisco ha asegurado que, en estos momentos, no tiene \u00abintenci\u00f3n de renunciar\u00bb al pontificado, como hizo en 2013 su antecesor, Benedicto XVI, pero ha precisado que, si lo hace, se quedar\u00e1 como \u00abobispo em\u00e9rito en Roma\u00bb.<\/p>\n<p>\u00abNo tengo ninguna intenci\u00f3n de renunciar, por el momento no\u00bb, ha precisado Francisco en una entrevista con el canal de streaming ViX de televisi\u00f3n Televisa Univision, publicada por Vatican News.<\/p>\n<p>En todo caso, ha precisado que, si un d\u00eda tuviera que renunciar, se quedar\u00eda como \u00abobispo em\u00e9rito de Roma\u00bb y quiz\u00e1s ir\u00eda a San Juan de Letr\u00e1n, pero no volver\u00eda a vivir a su pa\u00eds natal, Argentina.<\/p>\n<p>Francisco se detiene especialmente en su estado de salud y en los rumores que, en las \u00faltimas semanas, apuntaban a una posible renuncia al ministerio petrino. \u00abEn este momento no siento que el Se\u00f1or me lo pida, si sintiera que me lo pide, s\u00ed\u00bb, ha aclarado el Pont\u00edfice, al tiempo que ha calificado de \u00abcasualidad\u00bb que vaya a L&#8217;Aquila, donde est\u00e1 enterrado Celestino V, durante el pr\u00f3ximo Consistorio, a finales de agosto.<\/p>\n<p>Sobre el estado de su rodilla, el Papa ha subrayado que, aunque se siente \u00ablimitado\u00bb, est\u00e1 \u00abmejorando\u00bb. Sin embargo, ha a\u00f1adido que el viaje al Congo \u00abciertamente\u00bb no podr\u00eda haberse realizado porque no ten\u00eda la fuerza.<\/p>\n<p>Respecto a la posibilidad de regular la figura del Papa em\u00e9rito, Francisco ha se\u00f1alado que \u00abla misma historia ayudar\u00e1 a reglamentar mejor\u00bb esta figura. \u00abLa primera experiencia fue muy bien\u00bb, ha indicado, porque Benedicto XVI \u00abes un hombre santo y discreto\u00bb. Para el futuro, sin embargo, cree \u00abconviene delimitar mejor las cosas o explicarlas mejor\u00bb.<\/p>\n<p>El Papa recuerda que, antes del C\u00f3nclave, ya hab\u00eda preparado su retiro como arzobispo em\u00e9rito de Buenos Aires y quer\u00eda \u00abir a confesar y a visitar a los enfermos\u00bb. Este habr\u00eda sido su \u00abapostolado\u00bb, estar \u00abal servicio de la gente donde se puede\u00bb, un trabajo que le gustar\u00eda hacer incluso si renunciara.<\/p>\n<p>En la entrevista, el Papa aborda otros temas de actualidad como la guerra en Ucrania, destacando que para \u00e9l es fundamental hablar \u00abdel pa\u00eds agredido y no de los agresores\u00bb. Tambi\u00e9n ha confirmado su intenci\u00f3n de reunirse con el Patriarca ruso Kirill en septiembre, en el evento interreligioso que se celebrar\u00e1 en Kazajist\u00e1n.<\/p>\n<p>Adem\u00e1s, ha expresado su condena contra el aborto \u00absobre la base de datos cient\u00edficos\u00bb y, en cuanto a la decisi\u00f3n del Tribunal Supremo de Estados Unidos, el Papa ha apuntado que existe una polarizaci\u00f3n en el pa\u00eds y ha aconsejado a los pastores que cuiden la dimensi\u00f3n pastoral, pues de lo contrario se crea un problema pol\u00edtico.<\/p>\n<p>En concreto, preguntado por c\u00f3mo comportarse en el caso de un cat\u00f3lico que apoya el aborto, el Papa lo ha dejado \u00aba su conciencia\u00bb. \u00abQue hable con su obispo, con su pastor, con su p\u00e1rroco sobre esta incoherencia\u00bb, ha precisado.<\/p>\n<p>Por otra parte, el Papa ha mostrado su amor por el pueblo cubano y por los obispos del pa\u00eds y ha afirmado que mantiene una relaci\u00f3n humana con el expresidente Ra\u00fal Castro, expresando su satisfacci\u00f3n por el restablecimiento de las relaciones diplom\u00e1ticas entre Cuba y Estados Unidos durante la presidencia de Obama.<\/p>\n<p>Respecto a los abusos sexuales, Francisco ha asegurado la \u00abvoluntad\u00bb de la Iglesia cat\u00f3lica de \u00abavanzar\u00bb y no ser m\u00e1s \u00abc\u00f3mplice\u00bb de los delitos de pederastia. \u00abSe ha destapado la olla, hoy la Iglesia se ha vuelto m\u00e1s consciente\u00bb, ha asegurado.<\/p>\n<p>&nbsp;<\/p>\n<p>Fuente: EUROPA PRESS<\/p>\n","protected":false},"excerpt":{"rendered":"<p>ROMA, (EUROPA PRESS) &#8211; &nbsp; El Papa Francisco ha asegurado <a href=\"https:\/\/sertv.gob.pa\/nacionalfm\/el-papa-asegura-que-no-tiene-intencion-de-renunciar-y-si-lo-hace-se-quedara-como-obispo-emerito-en-roma\/\"> [&#8230;]<\/a><\/p>\n","protected":false},"author":9,"featured_media":72196,"comment_status":"closed","ping_status":"closed","sticky":false,"template":"","format":"standard","meta":{"footnotes":""},"categories":[3],"tags":[],"class_list":["post-84643","post","type-post","status-publish","format-standard","has-post-thumbnail","hentry","category-internacionales"],"_links":{"self":[{"href":"https:\/\/sertv.gob.pa\/nacionalfm\/wp-json\/wp\/v2\/posts\/84643","targetHints":{"allow":["GET"]}}],"collection":[{"href":"https:\/\/sertv.gob.pa\/nacionalfm\/wp-json\/wp\/v2\/posts"}],"about":[{"href":"https:\/\/sertv.gob.pa\/nacionalfm\/wp-json\/wp\/v2\/types\/post"}],"author":[{"embeddable":true,"href":"https:\/\/sertv.gob.pa\/nacionalfm\/wp-json\/wp\/v2\/users\/9"}],"replies":[{"embeddable":true,"href":"https:\/\/sertv.gob.pa\/nacionalfm\/wp-json\/wp\/v2\/comments?post=84643"}],"version-history":[{"count":1,"href":"https:\/\/sertv.gob.pa\/nacionalfm\/wp-json\/wp\/v2\/posts\/84643\/revisions"}],"predecessor-version":[{"id":84644,"href":"https:\/\/sertv.gob.pa\/nacionalfm\/wp-json\/wp\/v2\/posts\/84643\/revisions\/84644"}],"wp:featuredmedia":[{"embeddable":true,"href":"https:\/\/sertv.gob.pa\/nacionalfm\/wp-json\/wp\/v2\/media\/72196"}],"wp:attachment":[{"href":"https:\/\/sertv.gob.pa\/nacionalfm\/wp-json\/wp\/v2\/media?parent=84643"}],"wp:term":[{"taxonomy":"category","embeddable":true,"href":"https:\/\/sertv.gob.pa\/nacionalfm\/wp-json\/wp\/v2\/categories?post=84643"},{"taxonomy":"post_tag","embeddable":true,"href":"https:\/\/sertv.gob.pa\/nacionalfm\/wp-json\/wp\/v2\/tags?post=84643"}],"curies":[{"name":"wp","href":"https:\/\/api.w.org\/{rel}","templated":true}]}}