{"id":84645,"date":"2022-07-12T19:57:30","date_gmt":"2022-07-12T19:57:30","guid":{"rendered":"https:\/\/sertv.gob.pa\/nacionalfm\/?p=84645"},"modified":"2022-07-12T19:57:30","modified_gmt":"2022-07-12T19:57:30","slug":"la-marina-marroqui-rescata-a-257-migrantes-en-el-mar-mediterraneo","status":"publish","type":"post","link":"https:\/\/sertv.gob.pa\/nacionalfm\/la-marina-marroqui-rescata-a-257-migrantes-en-el-mar-mediterraneo\/","title":{"rendered":"La Marina marroqu\u00ed rescata a 257 migrantes en el mar Mediterr\u00e1neo"},"content":{"rendered":"<p><strong><em>MADRID, (EUROPA PRESS) &#8211;<\/em><\/strong><\/p>\n<p>&nbsp;<\/p>\n<p>La Marina marroqu\u00ed ha anunciado este martes que ha rescatado, entre el 9 y el 12 de julio, a 257 migrantes que intentaron cruzar de forma irregular el mar Mediterr\u00e1neo a bordo de botes improvisados, kayaks e incluso nadando.<\/p>\n<p>Los migrantes rescatados fueron transportados sanos y salvos a los puertos m\u00e1s cercanos tras haber recibido los cuidados necesarios a bordo de las Unidades de Combate de la Marina Real, seg\u00fan han recogido la agencia de noticias MAP, que cita a fuentes militares.<\/p>\n<p>El rescate de estos migrantes &#8211;en su mayor\u00eda subsaharianos, mujeres y ni\u00f1os&#8211; ha tenido lugar, adem\u00e1s, durante la festividad musulmana de Eid al Adha, tal y como ha informado el diario marroqu\u00ed &#8216;Le Matin&#8217;.<\/p>\n<p>&nbsp;<\/p>\n<p>Fuente: EUROPA PRESS<\/p>\n","protected":false},"excerpt":{"rendered":"<p>MADRID, (EUROPA PRESS) &#8211; &nbsp; La Marina marroqu\u00ed ha anunciado <a href=\"https:\/\/sertv.gob.pa\/nacionalfm\/la-marina-marroqui-rescata-a-257-migrantes-en-el-mar-mediterraneo\/\"> [&#8230;]<\/a><\/p>\n","protected":false},"author":9,"featured_media":84646,"comment_status":"closed","ping_status":"closed","sticky":false,"template":"","format":"standard","meta":{"footnotes":""},"categories":[3],"tags":[],"class_list":["post-84645","post","type-post","status-publish","format-standard","has-post-thumbnail","hentry","category-internacionales"],"_links":{"self":[{"href":"https:\/\/sertv.gob.pa\/nacionalfm\/wp-json\/wp\/v2\/posts\/84645","targetHints":{"allow":["GET"]}}],"collection":[{"href":"https:\/\/sertv.gob.pa\/nacionalfm\/wp-json\/wp\/v2\/posts"}],"about":[{"href":"https:\/\/sertv.gob.pa\/nacionalfm\/wp-json\/wp\/v2\/types\/post"}],"author":[{"embeddable":true,"href":"https:\/\/sertv.gob.pa\/nacionalfm\/wp-json\/wp\/v2\/users\/9"}],"replies":[{"embeddable":true,"href":"https:\/\/sertv.gob.pa\/nacionalfm\/wp-json\/wp\/v2\/comments?post=84645"}],"version-history":[{"count":1,"href":"https:\/\/sertv.gob.pa\/nacionalfm\/wp-json\/wp\/v2\/posts\/84645\/revisions"}],"predecessor-version":[{"id":84647,"href":"https:\/\/sertv.gob.pa\/nacionalfm\/wp-json\/wp\/v2\/posts\/84645\/revisions\/84647"}],"wp:featuredmedia":[{"embeddable":true,"href":"https:\/\/sertv.gob.pa\/nacionalfm\/wp-json\/wp\/v2\/media\/84646"}],"wp:attachment":[{"href":"https:\/\/sertv.gob.pa\/nacionalfm\/wp-json\/wp\/v2\/media?parent=84645"}],"wp:term":[{"taxonomy":"category","embeddable":true,"href":"https:\/\/sertv.gob.pa\/nacionalfm\/wp-json\/wp\/v2\/categories?post=84645"},{"taxonomy":"post_tag","embeddable":true,"href":"https:\/\/sertv.gob.pa\/nacionalfm\/wp-json\/wp\/v2\/tags?post=84645"}],"curies":[{"name":"wp","href":"https:\/\/api.w.org\/{rel}","templated":true}]}}