{"id":84708,"date":"2022-07-13T19:46:18","date_gmt":"2022-07-13T19:46:18","guid":{"rendered":"https:\/\/sertv.gob.pa\/nacionalfm\/?p=84708"},"modified":"2022-07-13T19:46:18","modified_gmt":"2022-07-13T19:46:18","slug":"el-euro-llega-a-perder-la-paridad-con-el-dolar-tras-conocerse-el-dato-de-inflacion-de-eeuu","status":"publish","type":"post","link":"https:\/\/sertv.gob.pa\/nacionalfm\/el-euro-llega-a-perder-la-paridad-con-el-dolar-tras-conocerse-el-dato-de-inflacion-de-eeuu\/","title":{"rendered":"El euro llega a perder la paridad con el d\u00f3lar tras conocerse el dato de inflaci\u00f3n de EEUU"},"content":{"rendered":"<p><strong><em>MADRID, (EUROPA PRESS) &#8211;<\/em><\/strong><\/p>\n<p>&nbsp;<\/p>\n<p>La cotizaci\u00f3n del euro frente al d\u00f3lar, que ayer lleg\u00f3 a caer hasta la paridad entre ambas monedas, ha llegado a situarse este mi\u00e9rcoles durante apenas unos instantes por debajo del nivel de equivalencia, despu\u00e9s de que en Estados Unidos la tasa de inflaci\u00f3n superase las expectativas con una subida de precios del 9,1% en junio, la mayor desde 1981.<\/p>\n<p>De este modo, el cambio del euro ha llegado a caer a un m\u00ednimo intrad\u00eda de 0,9999 d\u00f3lares, el peor cruce de la moneda comunitaria frente al &#8216;billete verde&#8217; desde principios de diciembre de 2002.<\/p>\n<p>Sin embargo, el euro, que acumula una depreciaci\u00f3n de m\u00e1s del 12% frente al d\u00f3lar en lo que va de a\u00f1o, rebotaba para cotizar el resto de la sesi\u00f3n c\u00f3modamente por encima del umbral de paridad, hasta 1,0085 d\u00f3lares.<\/p>\n<p>Adem\u00e1s del creciente temor a una recesi\u00f3n en Europa, el fuerte aumento de los precios en Estados Unidos augura nuevas subidas agresivas de los tipos de inter\u00e9s por parte de la Reserva Federal, mientras que el Banco Central Europeo (BCE) se ha comprometido a subir los tipos del euro en 25 puntos b\u00e1sicos en julio, en la primera subida de la tasa desde 2011.<\/p>\n<p>De hecho, la Fed comenz\u00f3 la normalizaci\u00f3n de su pol\u00edtica monetaria el pasado mes de marzo, con una subida de 25 puntos b\u00e1sicos, a la que siguieron alzas de 50 y 75 puntos b\u00e1sicos, respectivamente, en las dos reuniones siguientes y se empieza a discutir si la siguiente subida puede ser de hasta 100 puntos b\u00e1sicos.<\/p>\n<p>&nbsp;<\/p>\n<p>Fuente: EUROPA PRESS<\/p>\n","protected":false},"excerpt":{"rendered":"<p>MADRID, (EUROPA PRESS) &#8211; &nbsp; La cotizaci\u00f3n del euro frente <a href=\"https:\/\/sertv.gob.pa\/nacionalfm\/el-euro-llega-a-perder-la-paridad-con-el-dolar-tras-conocerse-el-dato-de-inflacion-de-eeuu\/\"> [&#8230;]<\/a><\/p>\n","protected":false},"author":9,"featured_media":84709,"comment_status":"closed","ping_status":"closed","sticky":false,"template":"","format":"standard","meta":{"footnotes":""},"categories":[3],"tags":[],"class_list":["post-84708","post","type-post","status-publish","format-standard","has-post-thumbnail","hentry","category-internacionales"],"_links":{"self":[{"href":"https:\/\/sertv.gob.pa\/nacionalfm\/wp-json\/wp\/v2\/posts\/84708","targetHints":{"allow":["GET"]}}],"collection":[{"href":"https:\/\/sertv.gob.pa\/nacionalfm\/wp-json\/wp\/v2\/posts"}],"about":[{"href":"https:\/\/sertv.gob.pa\/nacionalfm\/wp-json\/wp\/v2\/types\/post"}],"author":[{"embeddable":true,"href":"https:\/\/sertv.gob.pa\/nacionalfm\/wp-json\/wp\/v2\/users\/9"}],"replies":[{"embeddable":true,"href":"https:\/\/sertv.gob.pa\/nacionalfm\/wp-json\/wp\/v2\/comments?post=84708"}],"version-history":[{"count":1,"href":"https:\/\/sertv.gob.pa\/nacionalfm\/wp-json\/wp\/v2\/posts\/84708\/revisions"}],"predecessor-version":[{"id":84710,"href":"https:\/\/sertv.gob.pa\/nacionalfm\/wp-json\/wp\/v2\/posts\/84708\/revisions\/84710"}],"wp:featuredmedia":[{"embeddable":true,"href":"https:\/\/sertv.gob.pa\/nacionalfm\/wp-json\/wp\/v2\/media\/84709"}],"wp:attachment":[{"href":"https:\/\/sertv.gob.pa\/nacionalfm\/wp-json\/wp\/v2\/media?parent=84708"}],"wp:term":[{"taxonomy":"category","embeddable":true,"href":"https:\/\/sertv.gob.pa\/nacionalfm\/wp-json\/wp\/v2\/categories?post=84708"},{"taxonomy":"post_tag","embeddable":true,"href":"https:\/\/sertv.gob.pa\/nacionalfm\/wp-json\/wp\/v2\/tags?post=84708"}],"curies":[{"name":"wp","href":"https:\/\/api.w.org\/{rel}","templated":true}]}}