{"id":8471,"date":"2015-10-28T18:41:22","date_gmt":"2015-10-28T18:41:22","guid":{"rendered":""},"modified":"2015-10-28T18:41:22","modified_gmt":"2015-10-28T18:41:22","slug":"efectos-de-fumar-en-nuestra-salud-bucal","status":"publish","type":"post","link":"https:\/\/sertv.gob.pa\/nacionalfm\/efectos-de-fumar-en-nuestra-salud-bucal\/","title":{"rendered":"Efectos de fumar en nuestra salud bucal"},"content":{"rendered":"<p>\nMuchos afirman que la boca es el espejo de la salud, y cuando se trata del tabaco, esto se confirma. Seg\u00fan la Organizaci\u00f3n Mundial de la Salud (OMS), el tabaquismo es un factor de riesgo clave para que aparezcan enfermedades bucales. Fumar deteriora notablemente el estado de los dientes y otras partes de la cavidad oral al paso que perjudica gravemente el organismo. <\/p>\n<p>Ya que la boca\u00a0 es la v\u00eda de entrada del humo del tabaco hacia el organismo, los dientes y enc\u00edas son v\u00edctimas directas de ese h\u00e1bito. Los problemas m\u00e1s frecuentes y visibles son la reducci\u00f3n de los sentidos del gusto y del olfato, la modificaci\u00f3n del color de los dientes y el mal aliento. <\/p>\n<p>No obstante, el tabaquismo puede desencadenar problemas m\u00e1s graves como el c\u00e1ncer bucal y far\u00edngeo. Adem\u00e1s, su consumo dificulta que los implantes dentales sean efectivos a largo plazo. <\/p>\n<p>Los componentes del tabaco, como el alquitr\u00e1n, la nicotina y las sustancias qu\u00edmicas que est\u00e1n presentes en el humo, y las enfermedades enumeradas anteriormente, igualmente contribuyen a que la persona desarrolle mayor predisposici\u00f3n a padecer sequedad bucal, sarro, y una caries espec\u00edfica y caracter\u00edstica de los fumadores, que se presenta en el cuello de los dientes, en el punto justo de uni\u00f3n con la enc\u00eda, siendo este tipo de caries una de las m\u00e1s peligrosas y que requiere un tratamiento m\u00e1s complejo. <\/p>\n<p>\u00a0 <\/p>\n","protected":false},"excerpt":{"rendered":"<p>Muchos afirman que la boca es el espejo de la <a href=\"https:\/\/sertv.gob.pa\/nacionalfm\/efectos-de-fumar-en-nuestra-salud-bucal\/\"> [&#8230;]<\/a><\/p>\n","protected":false},"author":1,"featured_media":8472,"comment_status":"closed","ping_status":"closed","sticky":false,"template":"","format":"standard","meta":{"footnotes":""},"categories":[5],"tags":[],"class_list":["post-8471","post","type-post","status-publish","format-standard","has-post-thumbnail","hentry","category-salud"],"_links":{"self":[{"href":"https:\/\/sertv.gob.pa\/nacionalfm\/wp-json\/wp\/v2\/posts\/8471","targetHints":{"allow":["GET"]}}],"collection":[{"href":"https:\/\/sertv.gob.pa\/nacionalfm\/wp-json\/wp\/v2\/posts"}],"about":[{"href":"https:\/\/sertv.gob.pa\/nacionalfm\/wp-json\/wp\/v2\/types\/post"}],"author":[{"embeddable":true,"href":"https:\/\/sertv.gob.pa\/nacionalfm\/wp-json\/wp\/v2\/users\/1"}],"replies":[{"embeddable":true,"href":"https:\/\/sertv.gob.pa\/nacionalfm\/wp-json\/wp\/v2\/comments?post=8471"}],"version-history":[{"count":0,"href":"https:\/\/sertv.gob.pa\/nacionalfm\/wp-json\/wp\/v2\/posts\/8471\/revisions"}],"wp:featuredmedia":[{"embeddable":true,"href":"https:\/\/sertv.gob.pa\/nacionalfm\/wp-json\/wp\/v2\/media\/8472"}],"wp:attachment":[{"href":"https:\/\/sertv.gob.pa\/nacionalfm\/wp-json\/wp\/v2\/media?parent=8471"}],"wp:term":[{"taxonomy":"category","embeddable":true,"href":"https:\/\/sertv.gob.pa\/nacionalfm\/wp-json\/wp\/v2\/categories?post=8471"},{"taxonomy":"post_tag","embeddable":true,"href":"https:\/\/sertv.gob.pa\/nacionalfm\/wp-json\/wp\/v2\/tags?post=8471"}],"curies":[{"name":"wp","href":"https:\/\/api.w.org\/{rel}","templated":true}]}}