{"id":84711,"date":"2022-07-13T20:16:24","date_gmt":"2022-07-13T20:16:24","guid":{"rendered":"https:\/\/sertv.gob.pa\/nacionalfm\/?p=84711"},"modified":"2022-07-13T20:16:24","modified_gmt":"2022-07-13T20:16:24","slug":"el-papa-nombra-por-primera-vez-a-tres-mujeres-como-miembros-del-dicasterio-para-los-obispos-del-vaticano","status":"publish","type":"post","link":"https:\/\/sertv.gob.pa\/nacionalfm\/el-papa-nombra-por-primera-vez-a-tres-mujeres-como-miembros-del-dicasterio-para-los-obispos-del-vaticano\/","title":{"rendered":"El Papa nombra, por primera vez, a tres mujeres como miembros del dicasterio para los Obispos del Vaticano"},"content":{"rendered":"<p><strong><em>ROMA, (EUROPA PRESS) &#8211;<\/em><\/strong><\/p>\n<p>&nbsp;<\/p>\n<p>El Papa Francisco ha nombrado este mi\u00e9rcoles, por primera vez, a tres mujeres como miembros del Dicasterio para los Obispos, seg\u00fan ha informado la Oficina de Prensa de la Santa Sede.<\/p>\n<p>Se trata de la secretaria general del Governatorato del Estado Ciudad del Vaticano, Raffaella Petrini; la exsuperiora general de las Hijas de Mar\u00eda Auxiliadora Yvonne Reungoat, y la presidenta de la Uni\u00f3n Mundial de las Organizaciones Femeninas Cat\u00f3licas, Mar\u00eda L\u00eda Zervino.<\/p>\n<p>El a\u00f1o pasado, el Papa ya nombr\u00f3 a Raffaella Petrini, &#8216;n\u00famero dos&#8217; de la Gobernaci\u00f3n de la Ciudad del Vaticano, siendo la primera vez que una mujer ocupaba este puesto.<\/p>\n<p>Adem\u00e1s, Francisco eligi\u00f3 a la hermana Nathalie Becquart, religiosa francesa de las Hermanas Misioneras de Xaviere, como subsecretaria del S\u00ednodo de los Obispos, y a la hermana Alessandra Smerilli, de las Hijas de Mar\u00eda Auxiliadora, como &#8216;n\u00famero dos&#8217; del Dicasterio para el Servicio del Desarrollo Humano Integral. Asimismo, la hermana Carmen Ros Norten es subsecretaria en el Dicasterio de Religiosos.<\/p>\n<p>Asimismo, entre las mujeres no religiosas que ya ocupan cargos de alto nivel en el Vaticano se encuentran: Francesca Di Giovanni, subsecretaria del Sector Multilateral de la Secci\u00f3n de Relaciones con los Estados y Organizaciones Internacionales de la Secretar\u00eda de Estado; Barbara Jatta, primera mujer directora de los Museos Vaticanos; y Linda Ghisoni y Gabriella Gambino, ambas subsecretarias del dicasterio para los Laicos, la Familia y la Vida.<\/p>\n<p>Tambi\u00e9n se suman a ellas la profesora Emilce Cuda, secretaria de la Comisi\u00f3n Pontificia para Am\u00e9rica Latina; Natasa Govekar, directora de la Direcci\u00f3n Teol\u00f3gica y Pastoral del Dicasterio para la Comunicaci\u00f3n; y Cristiane Murray, subdirectora de la Oficina de Prensa de la Santa Sede. Todas ellas fueron designadas por Francisco.<\/p>\n<p>&nbsp;<\/p>\n<p>Fuente: EUROPA PRESS<\/p>\n","protected":false},"excerpt":{"rendered":"<p>ROMA, (EUROPA PRESS) &#8211; &nbsp; El Papa Francisco ha nombrado <a href=\"https:\/\/sertv.gob.pa\/nacionalfm\/el-papa-nombra-por-primera-vez-a-tres-mujeres-como-miembros-del-dicasterio-para-los-obispos-del-vaticano\/\"> [&#8230;]<\/a><\/p>\n","protected":false},"author":9,"featured_media":84712,"comment_status":"closed","ping_status":"closed","sticky":false,"template":"","format":"standard","meta":{"footnotes":""},"categories":[3],"tags":[],"class_list":["post-84711","post","type-post","status-publish","format-standard","has-post-thumbnail","hentry","category-internacionales"],"_links":{"self":[{"href":"https:\/\/sertv.gob.pa\/nacionalfm\/wp-json\/wp\/v2\/posts\/84711","targetHints":{"allow":["GET"]}}],"collection":[{"href":"https:\/\/sertv.gob.pa\/nacionalfm\/wp-json\/wp\/v2\/posts"}],"about":[{"href":"https:\/\/sertv.gob.pa\/nacionalfm\/wp-json\/wp\/v2\/types\/post"}],"author":[{"embeddable":true,"href":"https:\/\/sertv.gob.pa\/nacionalfm\/wp-json\/wp\/v2\/users\/9"}],"replies":[{"embeddable":true,"href":"https:\/\/sertv.gob.pa\/nacionalfm\/wp-json\/wp\/v2\/comments?post=84711"}],"version-history":[{"count":1,"href":"https:\/\/sertv.gob.pa\/nacionalfm\/wp-json\/wp\/v2\/posts\/84711\/revisions"}],"predecessor-version":[{"id":84713,"href":"https:\/\/sertv.gob.pa\/nacionalfm\/wp-json\/wp\/v2\/posts\/84711\/revisions\/84713"}],"wp:featuredmedia":[{"embeddable":true,"href":"https:\/\/sertv.gob.pa\/nacionalfm\/wp-json\/wp\/v2\/media\/84712"}],"wp:attachment":[{"href":"https:\/\/sertv.gob.pa\/nacionalfm\/wp-json\/wp\/v2\/media?parent=84711"}],"wp:term":[{"taxonomy":"category","embeddable":true,"href":"https:\/\/sertv.gob.pa\/nacionalfm\/wp-json\/wp\/v2\/categories?post=84711"},{"taxonomy":"post_tag","embeddable":true,"href":"https:\/\/sertv.gob.pa\/nacionalfm\/wp-json\/wp\/v2\/tags?post=84711"}],"curies":[{"name":"wp","href":"https:\/\/api.w.org\/{rel}","templated":true}]}}