{"id":84751,"date":"2022-07-14T17:57:45","date_gmt":"2022-07-14T17:57:45","guid":{"rendered":"https:\/\/sertv.gob.pa\/nacionalfm\/?p=84751"},"modified":"2022-07-14T17:57:45","modified_gmt":"2022-07-14T17:57:45","slug":"centro-reintegra-en-panama-oeste-brinda-beneficios-a-ninos-con-condiciones-especiales","status":"publish","type":"post","link":"https:\/\/sertv.gob.pa\/nacionalfm\/centro-reintegra-en-panama-oeste-brinda-beneficios-a-ninos-con-condiciones-especiales\/","title":{"rendered":"Centro \u201cREINTEGRA\u201d en Panam\u00e1 Oeste, brinda beneficios a ni\u00f1os con condiciones especiales."},"content":{"rendered":"<p>El Centro de Rehabilitaci\u00f3n Integral (REINTEGRA), ubicado en el distrito de La Chorrera, provincia de Panam\u00e1 Oeste, es un centro dirigido a personas de 0 a 21 a\u00f1os, que presenten alteraciones m\u00fasculo esquel\u00e9ticas, cognitivas y de lenguaje, atendiendo en la actualidad un aproximado de 124 pacientes.<\/p>\n<p>El objetivo, es mejorar la calidad de vida de nuestros pacientes y lograr su m\u00e1xima independencia.<\/p>\n<p>Su\u00a0 atenci\u00f3n, es de lunes a viernes en horario de 7:00 a.m. a 3:00 p.m., brindando los servicios de Medicina general, Fisioterapia, fonoaudi\u00f3log\u00eda y estimulaci\u00f3n temprana de forma gratuita,<br \/>\nlos cuales son\u00a0 necesarios para el desarrollo de los ni\u00f1os, y\u00a0 puedan ser\u00a0 funcionales en la reintegraci\u00f3n de la\u00a0 sociedad.<\/p>\n<p>&nbsp;<\/p>\n<p>Fuente: MINSA<\/p>\n","protected":false},"excerpt":{"rendered":"<p>El Centro de Rehabilitaci\u00f3n Integral (REINTEGRA), ubicado en el distrito <a href=\"https:\/\/sertv.gob.pa\/nacionalfm\/centro-reintegra-en-panama-oeste-brinda-beneficios-a-ninos-con-condiciones-especiales\/\"> [&#8230;]<\/a><\/p>\n","protected":false},"author":9,"featured_media":84753,"comment_status":"closed","ping_status":"closed","sticky":false,"template":"","format":"standard","meta":{"footnotes":""},"categories":[5],"tags":[],"class_list":["post-84751","post","type-post","status-publish","format-standard","has-post-thumbnail","hentry","category-salud"],"_links":{"self":[{"href":"https:\/\/sertv.gob.pa\/nacionalfm\/wp-json\/wp\/v2\/posts\/84751","targetHints":{"allow":["GET"]}}],"collection":[{"href":"https:\/\/sertv.gob.pa\/nacionalfm\/wp-json\/wp\/v2\/posts"}],"about":[{"href":"https:\/\/sertv.gob.pa\/nacionalfm\/wp-json\/wp\/v2\/types\/post"}],"author":[{"embeddable":true,"href":"https:\/\/sertv.gob.pa\/nacionalfm\/wp-json\/wp\/v2\/users\/9"}],"replies":[{"embeddable":true,"href":"https:\/\/sertv.gob.pa\/nacionalfm\/wp-json\/wp\/v2\/comments?post=84751"}],"version-history":[{"count":1,"href":"https:\/\/sertv.gob.pa\/nacionalfm\/wp-json\/wp\/v2\/posts\/84751\/revisions"}],"predecessor-version":[{"id":84757,"href":"https:\/\/sertv.gob.pa\/nacionalfm\/wp-json\/wp\/v2\/posts\/84751\/revisions\/84757"}],"wp:featuredmedia":[{"embeddable":true,"href":"https:\/\/sertv.gob.pa\/nacionalfm\/wp-json\/wp\/v2\/media\/84753"}],"wp:attachment":[{"href":"https:\/\/sertv.gob.pa\/nacionalfm\/wp-json\/wp\/v2\/media?parent=84751"}],"wp:term":[{"taxonomy":"category","embeddable":true,"href":"https:\/\/sertv.gob.pa\/nacionalfm\/wp-json\/wp\/v2\/categories?post=84751"},{"taxonomy":"post_tag","embeddable":true,"href":"https:\/\/sertv.gob.pa\/nacionalfm\/wp-json\/wp\/v2\/tags?post=84751"}],"curies":[{"name":"wp","href":"https:\/\/api.w.org\/{rel}","templated":true}]}}