{"id":84822,"date":"2022-07-15T19:42:33","date_gmt":"2022-07-15T19:42:33","guid":{"rendered":"https:\/\/sertv.gob.pa\/nacionalfm\/?p=84822"},"modified":"2022-07-15T19:42:33","modified_gmt":"2022-07-15T19:42:33","slug":"biden-aterriza-en-yeda-de-cara-a-una-visita-de-dos-dias-en-arabia-saudi","status":"publish","type":"post","link":"https:\/\/sertv.gob.pa\/nacionalfm\/biden-aterriza-en-yeda-de-cara-a-una-visita-de-dos-dias-en-arabia-saudi\/","title":{"rendered":"Biden aterriza en Yeda de cara a una visita de dos d\u00edas en Arabia Saud\u00ed"},"content":{"rendered":"<p><strong><em>MADRID, (EUROPA PRESS) &#8211;<\/em><\/strong><\/p>\n<p>El presidente de Estados Unidos, Joe Biden, ha aterrizado este viernes en la ciudad saud\u00ed de Yeda, donde tiene previsto pasar los pr\u00f3ximos dos d\u00edas en el marco de su gira por Oriente Pr\u00f3ximo, que ya le ha llevado a Israel.<\/p>\n<p>El Air Force One del mandatario estadounidense ha tomado tierra en el Aeropuerto Internacional Rey Abdulaziz a poco antes de las 18.00 horas (una hora antes en la Espa\u00f1a peninsular), tal y como ha informado la propia Casa Blanca.<\/p>\n<p>Biden inicia as\u00ed en Arabia Saud\u00ed una nueva etapa de su gira por la regi\u00f3n tras dos d\u00edas de visita en Israel, donde se ha reunido con altos funcionarios del pa\u00eds, as\u00ed como con las autoridades palestinas, y donde ha incidido en que el fin del conflicto pasa por una soluci\u00f3n de dos estados.<\/p>\n<p>La parada del inquilino de la Casa Blanca ha levantado pol\u00e9mica, si bien el mandatario ha asegurado en todo momento que la visita est\u00e1 motivada por asuntos \u00abestrat\u00e9gicos\u00bb y ha destacado que el respeto a los Derechos Humanos ser\u00e1 uno de los puntos principales que abordar\u00e1 con los representantes saud\u00edes.<\/p>\n<p>En la agenda de Biden est\u00e1n programados encuentros con el rey Salman bin Abdulaziz y otros altos cargos de la monarqu\u00eda absoluta, entre ellos el pr\u00edncipe heredero Mohamed bin Salman, se\u00f1alado, seg\u00fan un informe desclasificado de la CIA, como responsable del asesinato del periodista Yamal Jashogi en la Embajada saud\u00ed en Estambul en octubre de 2018.<\/p>\n<p>&nbsp;<\/p>\n<p>Fuente: EUROPA PRESS<\/p>\n<p>&nbsp;<\/p>\n","protected":false},"excerpt":{"rendered":"<p>MADRID, (EUROPA PRESS) &#8211; El presidente de Estados Unidos, Joe <a href=\"https:\/\/sertv.gob.pa\/nacionalfm\/biden-aterriza-en-yeda-de-cara-a-una-visita-de-dos-dias-en-arabia-saudi\/\"> [&#8230;]<\/a><\/p>\n","protected":false},"author":9,"featured_media":84823,"comment_status":"closed","ping_status":"closed","sticky":false,"template":"","format":"standard","meta":{"footnotes":""},"categories":[3],"tags":[],"class_list":["post-84822","post","type-post","status-publish","format-standard","has-post-thumbnail","hentry","category-internacionales"],"_links":{"self":[{"href":"https:\/\/sertv.gob.pa\/nacionalfm\/wp-json\/wp\/v2\/posts\/84822","targetHints":{"allow":["GET"]}}],"collection":[{"href":"https:\/\/sertv.gob.pa\/nacionalfm\/wp-json\/wp\/v2\/posts"}],"about":[{"href":"https:\/\/sertv.gob.pa\/nacionalfm\/wp-json\/wp\/v2\/types\/post"}],"author":[{"embeddable":true,"href":"https:\/\/sertv.gob.pa\/nacionalfm\/wp-json\/wp\/v2\/users\/9"}],"replies":[{"embeddable":true,"href":"https:\/\/sertv.gob.pa\/nacionalfm\/wp-json\/wp\/v2\/comments?post=84822"}],"version-history":[{"count":1,"href":"https:\/\/sertv.gob.pa\/nacionalfm\/wp-json\/wp\/v2\/posts\/84822\/revisions"}],"predecessor-version":[{"id":84824,"href":"https:\/\/sertv.gob.pa\/nacionalfm\/wp-json\/wp\/v2\/posts\/84822\/revisions\/84824"}],"wp:featuredmedia":[{"embeddable":true,"href":"https:\/\/sertv.gob.pa\/nacionalfm\/wp-json\/wp\/v2\/media\/84823"}],"wp:attachment":[{"href":"https:\/\/sertv.gob.pa\/nacionalfm\/wp-json\/wp\/v2\/media?parent=84822"}],"wp:term":[{"taxonomy":"category","embeddable":true,"href":"https:\/\/sertv.gob.pa\/nacionalfm\/wp-json\/wp\/v2\/categories?post=84822"},{"taxonomy":"post_tag","embeddable":true,"href":"https:\/\/sertv.gob.pa\/nacionalfm\/wp-json\/wp\/v2\/tags?post=84822"}],"curies":[{"name":"wp","href":"https:\/\/api.w.org\/{rel}","templated":true}]}}