{"id":84930,"date":"2022-07-19T18:40:10","date_gmt":"2022-07-19T18:40:10","guid":{"rendered":"https:\/\/sertv.gob.pa\/nacionalfm\/?p=84930"},"modified":"2022-07-19T18:40:10","modified_gmt":"2022-07-19T18:40:10","slug":"petro-nombra-a-la-lider-indigena-leonor-zalabata-nueva-embajadora-de-colombia-ante-la-onu","status":"publish","type":"post","link":"https:\/\/sertv.gob.pa\/nacionalfm\/petro-nombra-a-la-lider-indigena-leonor-zalabata-nueva-embajadora-de-colombia-ante-la-onu\/","title":{"rendered":"Petro nombra a la l\u00edder ind\u00edgena Leonor Zalabata nueva embajadora de Colombia ante la ONU"},"content":{"rendered":"<p><strong><em>MADRID, (EUROPA PRESS) &#8211;<\/em><\/strong><\/p>\n<p>&nbsp;<\/p>\n<p>El presidente electo de Colombia, Gustavo Petro, ha nombrado este martes a la l\u00edder ind\u00edgena Leonor Zalabata Torres como embajadora del pa\u00eds ante la ONU.<\/p>\n<p>As\u00ed, ha anunciado que ha elegido a Patricia Tob\u00f3n para que ocupe el cargo de comisaria para la Verdad, por lo que estar\u00e1 al frente de la Unidad de V\u00edctimas, mientras que Giovani Yule estar\u00e1 al frente de la Unidad de Restituci\u00f3n de Tierras, entidad encargada de restablecer los derechos de la propiedad y reparar los da\u00f1os a quienes han sufrido expropiaciones.<\/p>\n<p>Zalabata ha trabajado para la Comisi\u00f3n Nacional de Derecho Humanos de los pueblos ind\u00edgenas y otros cargos similares en materia indigenista. Est\u00e1 previsto que Petro jure el cargo el pr\u00f3ximo 7 de agosto.<\/p>\n<p>&nbsp;<\/p>\n<p>Fuente: EUROPA PRESS<\/p>\n","protected":false},"excerpt":{"rendered":"<p>MADRID, (EUROPA PRESS) &#8211; &nbsp; El presidente electo de Colombia, <a href=\"https:\/\/sertv.gob.pa\/nacionalfm\/petro-nombra-a-la-lider-indigena-leonor-zalabata-nueva-embajadora-de-colombia-ante-la-onu\/\"> [&#8230;]<\/a><\/p>\n","protected":false},"author":9,"featured_media":84931,"comment_status":"closed","ping_status":"closed","sticky":false,"template":"","format":"standard","meta":{"footnotes":""},"categories":[3],"tags":[],"class_list":["post-84930","post","type-post","status-publish","format-standard","has-post-thumbnail","hentry","category-internacionales"],"_links":{"self":[{"href":"https:\/\/sertv.gob.pa\/nacionalfm\/wp-json\/wp\/v2\/posts\/84930","targetHints":{"allow":["GET"]}}],"collection":[{"href":"https:\/\/sertv.gob.pa\/nacionalfm\/wp-json\/wp\/v2\/posts"}],"about":[{"href":"https:\/\/sertv.gob.pa\/nacionalfm\/wp-json\/wp\/v2\/types\/post"}],"author":[{"embeddable":true,"href":"https:\/\/sertv.gob.pa\/nacionalfm\/wp-json\/wp\/v2\/users\/9"}],"replies":[{"embeddable":true,"href":"https:\/\/sertv.gob.pa\/nacionalfm\/wp-json\/wp\/v2\/comments?post=84930"}],"version-history":[{"count":1,"href":"https:\/\/sertv.gob.pa\/nacionalfm\/wp-json\/wp\/v2\/posts\/84930\/revisions"}],"predecessor-version":[{"id":84932,"href":"https:\/\/sertv.gob.pa\/nacionalfm\/wp-json\/wp\/v2\/posts\/84930\/revisions\/84932"}],"wp:featuredmedia":[{"embeddable":true,"href":"https:\/\/sertv.gob.pa\/nacionalfm\/wp-json\/wp\/v2\/media\/84931"}],"wp:attachment":[{"href":"https:\/\/sertv.gob.pa\/nacionalfm\/wp-json\/wp\/v2\/media?parent=84930"}],"wp:term":[{"taxonomy":"category","embeddable":true,"href":"https:\/\/sertv.gob.pa\/nacionalfm\/wp-json\/wp\/v2\/categories?post=84930"},{"taxonomy":"post_tag","embeddable":true,"href":"https:\/\/sertv.gob.pa\/nacionalfm\/wp-json\/wp\/v2\/tags?post=84930"}],"curies":[{"name":"wp","href":"https:\/\/api.w.org\/{rel}","templated":true}]}}