{"id":84985,"date":"2022-07-20T19:23:35","date_gmt":"2022-07-20T19:23:35","guid":{"rendered":"https:\/\/sertv.gob.pa\/nacionalfm\/?p=84985"},"modified":"2022-07-20T19:23:35","modified_gmt":"2022-07-20T19:23:35","slug":"biden-convida-a-los-lideres-africanos-a-una-cumbre-en-washington-a-mediados-de-diciembre","status":"publish","type":"post","link":"https:\/\/sertv.gob.pa\/nacionalfm\/biden-convida-a-los-lideres-africanos-a-una-cumbre-en-washington-a-mediados-de-diciembre\/","title":{"rendered":"Biden convida a los l\u00edderes africanos a una cumbre en Washington a mediados de diciembre"},"content":{"rendered":"<p><strong><em>MADRID, (EUROPA PRESS) &#8211;<\/em><\/strong><\/p>\n<p>&nbsp;<\/p>\n<p>El presidente de Estados Unidos, Joe Biden, ha anunciado este mi\u00e9rcoles la celebraci\u00f3n de la Cumbre de l\u00edderes de Estados Unidos y \u00c1frica en la capital estadounidense, Washington, entre el 13 y el 15 de diciembre.<\/p>\n<p>Seg\u00fan ha explicado el propio mandatario en un comunicado, esta cita \u00abdemostrar\u00e1 el compromiso duradero\u00bb de Estados Unidos con las naciones del continente africano y buscar\u00e1 subrayar \u00abla importancia de las relaciones\u00bb entre Estados Unidos y \u00c1frica.<\/p>\n<p>Asimismo, Biden ha resaltado que los principales objetivos de la cita ser\u00e1n el refuerzo de las relaciones econ\u00f3micas entre las partes, subrayar el compromiso con la democracia y los Derechos Humanos, mitigar el impacto del coronavirus y otras posibles pandemias futuras, promover la seguridad alimentaria y las condiciones de paz, as\u00ed como responder a la crisis clim\u00e1tica.<\/p>\n<p>\u00abEspero trabajar con los gobiernos africanos, la sociedad civil, las comunidades de di\u00e1spora en Estados Unidos y el sector privado para continuar fortaleciendo nuestra visi\u00f3n compartida para el futuro de las relaciones entre Estados Unidos y \u00c1frica\u00bb, ha dicho.<\/p>\n<p>&nbsp;<\/p>\n<p>Fuente: EUROPA PRESS<\/p>\n","protected":false},"excerpt":{"rendered":"<p>MADRID, (EUROPA PRESS) &#8211; &nbsp; El presidente de Estados Unidos, <a href=\"https:\/\/sertv.gob.pa\/nacionalfm\/biden-convida-a-los-lideres-africanos-a-una-cumbre-en-washington-a-mediados-de-diciembre\/\"> [&#8230;]<\/a><\/p>\n","protected":false},"author":9,"featured_media":84986,"comment_status":"closed","ping_status":"closed","sticky":false,"template":"","format":"standard","meta":{"footnotes":""},"categories":[3],"tags":[],"class_list":["post-84985","post","type-post","status-publish","format-standard","has-post-thumbnail","hentry","category-internacionales"],"_links":{"self":[{"href":"https:\/\/sertv.gob.pa\/nacionalfm\/wp-json\/wp\/v2\/posts\/84985","targetHints":{"allow":["GET"]}}],"collection":[{"href":"https:\/\/sertv.gob.pa\/nacionalfm\/wp-json\/wp\/v2\/posts"}],"about":[{"href":"https:\/\/sertv.gob.pa\/nacionalfm\/wp-json\/wp\/v2\/types\/post"}],"author":[{"embeddable":true,"href":"https:\/\/sertv.gob.pa\/nacionalfm\/wp-json\/wp\/v2\/users\/9"}],"replies":[{"embeddable":true,"href":"https:\/\/sertv.gob.pa\/nacionalfm\/wp-json\/wp\/v2\/comments?post=84985"}],"version-history":[{"count":1,"href":"https:\/\/sertv.gob.pa\/nacionalfm\/wp-json\/wp\/v2\/posts\/84985\/revisions"}],"predecessor-version":[{"id":84987,"href":"https:\/\/sertv.gob.pa\/nacionalfm\/wp-json\/wp\/v2\/posts\/84985\/revisions\/84987"}],"wp:featuredmedia":[{"embeddable":true,"href":"https:\/\/sertv.gob.pa\/nacionalfm\/wp-json\/wp\/v2\/media\/84986"}],"wp:attachment":[{"href":"https:\/\/sertv.gob.pa\/nacionalfm\/wp-json\/wp\/v2\/media?parent=84985"}],"wp:term":[{"taxonomy":"category","embeddable":true,"href":"https:\/\/sertv.gob.pa\/nacionalfm\/wp-json\/wp\/v2\/categories?post=84985"},{"taxonomy":"post_tag","embeddable":true,"href":"https:\/\/sertv.gob.pa\/nacionalfm\/wp-json\/wp\/v2\/tags?post=84985"}],"curies":[{"name":"wp","href":"https:\/\/api.w.org\/{rel}","templated":true}]}}