{"id":85041,"date":"2022-07-21T18:54:17","date_gmt":"2022-07-21T18:54:17","guid":{"rendered":"https:\/\/sertv.gob.pa\/nacionalfm\/?p=85041"},"modified":"2022-07-21T18:54:17","modified_gmt":"2022-07-21T18:54:17","slug":"biden-da-positivo-por-coronavirus-pero-presenta-sintomas-leves","status":"publish","type":"post","link":"https:\/\/sertv.gob.pa\/nacionalfm\/biden-da-positivo-por-coronavirus-pero-presenta-sintomas-leves\/","title":{"rendered":"Biden da positivo por coronavirus pero presenta s\u00edntomas leves"},"content":{"rendered":"<p><strong><em>MADRID, (EUROPA PRESS) &#8211;<\/em><\/strong><\/p>\n<p>&nbsp;<\/p>\n<p>El presidente estadounidense, Joe Biden, ha dado este jueves positivo por COVID-19, si bien se encuentra \u00abbien\u00bb y presenta \u00fanicamente \u00abs\u00edntomas muy leves\u00bb, seg\u00fan ha informado la Casa Blanca.<\/p>\n<p>\u00abEsta ma\u00f1ana, el presidente Biden ha dado positivo. Est\u00e1 completamente vacunado y se le han puesto dos vacunas de refuerzo. Adem\u00e1s, presenta s\u00edntomas propios de un resfriado\u00bb, ha aseverado la Presidencia en un comunicado.<\/p>\n<p>En este sentido, ha indicado que est\u00e1 tomando un antiviral y que se ha puesto en contacto con los miembros de la Casa Blanca por v\u00eda telef\u00f3nica. Adem\u00e1s, participar\u00e1 en las reuniones previstas para estos d\u00edas mediante videoconferencia.<\/p>\n<p>El protocolo de la Casa Blanca indica que tiene que permanecer aislado hasta que de negativo. Una vez suceda esto, podr\u00e1 volver a trabajar de forma presencial. La Casa Blanca ha indicado que entregar\u00e1 un informe diario sobre el estado de salud del presidente.<\/p>\n<p>Aquellos que hayan estado en contacto estrecho con Biden ser\u00e1n notificados a los largo del d\u00eda por el personal sanitario de la Casa Blanca, tal y como establece el protocolo.<\/p>\n<p>&nbsp;<\/p>\n<p>Fuente: EUROPA PRESS<\/p>\n","protected":false},"excerpt":{"rendered":"<p>MADRID, (EUROPA PRESS) &#8211; &nbsp; El presidente estadounidense, Joe Biden, <a href=\"https:\/\/sertv.gob.pa\/nacionalfm\/biden-da-positivo-por-coronavirus-pero-presenta-sintomas-leves\/\"> [&#8230;]<\/a><\/p>\n","protected":false},"author":9,"featured_media":85042,"comment_status":"closed","ping_status":"closed","sticky":false,"template":"","format":"standard","meta":{"footnotes":""},"categories":[3],"tags":[],"class_list":["post-85041","post","type-post","status-publish","format-standard","has-post-thumbnail","hentry","category-internacionales"],"_links":{"self":[{"href":"https:\/\/sertv.gob.pa\/nacionalfm\/wp-json\/wp\/v2\/posts\/85041","targetHints":{"allow":["GET"]}}],"collection":[{"href":"https:\/\/sertv.gob.pa\/nacionalfm\/wp-json\/wp\/v2\/posts"}],"about":[{"href":"https:\/\/sertv.gob.pa\/nacionalfm\/wp-json\/wp\/v2\/types\/post"}],"author":[{"embeddable":true,"href":"https:\/\/sertv.gob.pa\/nacionalfm\/wp-json\/wp\/v2\/users\/9"}],"replies":[{"embeddable":true,"href":"https:\/\/sertv.gob.pa\/nacionalfm\/wp-json\/wp\/v2\/comments?post=85041"}],"version-history":[{"count":1,"href":"https:\/\/sertv.gob.pa\/nacionalfm\/wp-json\/wp\/v2\/posts\/85041\/revisions"}],"predecessor-version":[{"id":85043,"href":"https:\/\/sertv.gob.pa\/nacionalfm\/wp-json\/wp\/v2\/posts\/85041\/revisions\/85043"}],"wp:featuredmedia":[{"embeddable":true,"href":"https:\/\/sertv.gob.pa\/nacionalfm\/wp-json\/wp\/v2\/media\/85042"}],"wp:attachment":[{"href":"https:\/\/sertv.gob.pa\/nacionalfm\/wp-json\/wp\/v2\/media?parent=85041"}],"wp:term":[{"taxonomy":"category","embeddable":true,"href":"https:\/\/sertv.gob.pa\/nacionalfm\/wp-json\/wp\/v2\/categories?post=85041"},{"taxonomy":"post_tag","embeddable":true,"href":"https:\/\/sertv.gob.pa\/nacionalfm\/wp-json\/wp\/v2\/tags?post=85041"}],"curies":[{"name":"wp","href":"https:\/\/api.w.org\/{rel}","templated":true}]}}